{"id":71407,"date":"2020-07-30T22:30:40","date_gmt":"2020-07-30T21:30:40","guid":{"rendered":"http:\/\/2horizontes.com\/?p=71407"},"modified":"2020-07-30T22:30:42","modified_gmt":"2020-07-30T21:30:42","slug":"mexico-se-une-al-desarrollo-de-una-vacuna-contra-el-covid-19-se-haran-pruebas-en-territorio-nacional-y-tendra-acceso-temprano","status":"publish","type":"post","link":"https:\/\/2horizontes.com\/?p=71407","title":{"rendered":"M\u00e9xico se une al desarrollo de una vacuna contra el covid-19: se har\u00e1n pruebas en territorio nacional y tendr\u00e1 acceso temprano"},"content":{"rendered":"\n<p>El titular de la Secretar\u00eda de Relaciones Exteriores (SRE) de M\u00e9xico, Marcelo Ebrard, inform\u00f3 este jueves que el pa\u00eds latinoamericano se incorporar\u00e1 a la Fase 3 del protocolo para la vacuna contra la covid-19, que desarrolla la&nbsp;compa\u00f1\u00eda farmac\u00e9utica francesa Sanofi Pasteur.<\/p>\n\n\n\n<p>\u00abSe har\u00e1n pruebas en nuestro pa\u00eds y tendremos acceso temprano a la vacuna resultante\u00bb, escribi\u00f3 Ebrard en su cuenta de Twitter.<\/p>\n\n\n\n<figure><iframe allowfullscreen=\"true\" class=\"\" src=\"https:\/\/platform.twitter.com\/embed\/index.html?dnt=false&amp;embedId=twitter-widget-0&amp;frame=false&amp;hideCard=false&amp;hideThread=false&amp;id=1288922032206471169&amp;lang=es&amp;origin=https%3A%2F%2Factualidad.rt.com%2Factualidad%2F361651-canciller-mexico-anunciar-fase-3-protocolo-vacuna-coronavirus&amp;siteScreenName=ActualidadRT&amp;theme=light&amp;widgetsVersion=9066bb2%3A1593540614199&amp;width=550px\"><\/iframe><\/figure>\n\n\n\n<p>Durante la presentaci\u00f3n de la Fundaci\u00f3n Mexicana para la Salud (Funsalud) sobre la alianza \u00abJuntos por la Salud\u00bb, una iniciativa del sector privado y el Gobierno para mejorar la atenci\u00f3n m\u00e9dica durante la pandemia, Ebrard&nbsp;<a href=\"https:\/\/www.facebook.com\/watch\/live\/?v=1527842377388426&amp;ref=watch_permalink\" target=\"_blank\" rel=\"noreferrer noopener\">inform\u00f3<\/a>&nbsp;que el&nbsp;ministro de Exteriores franc\u00e9s, Jean-Yves Le Drian, le dijo hace unas semanas&nbsp;que har\u00eda lo posible para \u00abrespaldar y facilitar\u00bb que Sanofi&nbsp;hiciera un estudio en M\u00e9xico de protocolo Fase 3.<\/p>\n\n\n\n<p>M\u00e9xico tendr\u00e1 \u00abacceso oportuno a las vacunas y a los mejores tratamientos del mundo\u00bb, agreg\u00f3 Ebrard.&nbsp;<\/p>\n\n\n\n<p>El director de\u00a0Investigaciones y Desarrollo de Sanofi Pasteur,\u00a0Enrique Rivas, inform\u00f3 que la farmac\u00e9utica\u00a0incorporar\u00e1 a 35.000\u00a0voluntarios mayores de 18 a\u00f1os para la Fase 3, en la que participar\u00e1 M\u00e9xico.\u00a0Esta vacuna\u00a0comenzar\u00e1 su desarrollo a\u00a0finales de\u00a02020, seg\u00fan\u00a0<a rel=\"noreferrer noopener\" href=\"https:\/\/heraldodemexico.com.mx\/pais\/mexico-se-incorpora-al-primer-protocolo-fase-3-para-la-vacuna-contra-el-covid-19-ebrard\/\" target=\"_blank\">report\u00f3<\/a>\u00a0El Heraldo.\u00a0<\/p>\n\n\n\n<p>Fuente: RT. <a rel=\"noreferrer noopener\" href=\"https:\/\/news.google.com\/publications\/CAAqBwgKMNS13gIwkpwc?hl=es-419&amp;gl=MX&amp;ceid=MX%3Aes-419\" target=\"_blank\"><\/a><\/p>\n","protected":false},"excerpt":{"rendered":"<p>El titular de la Secretar\u00eda de Relaciones Exteriores (SRE) de M\u00e9xico, Marcelo Ebrard, inform\u00f3 este jueves que el pa\u00eds latinoamericano se incorporar\u00e1 a la Fase 3 del protocolo para la vacuna contra la covid-19, que desarrolla la&nbsp;compa\u00f1\u00eda farmac\u00e9utica francesa Sanofi Pasteur. \u00abSe har\u00e1n pruebas en nuestro pa\u00eds y tendremos acceso temprano a la vacuna resultante\u00bb, [&hellip;]<\/p>\n","protected":false},"author":44079,"featured_media":71408,"comment_status":"open","ping_status":"open","sticky":false,"template":"","format":"standard","meta":{"footnotes":""},"categories":[40],"tags":[],"class_list":["post-71407","post","type-post","status-publish","format-standard","has-post-thumbnail","hentry","category-internacionales"],"_links":{"self":[{"href":"https:\/\/2horizontes.com\/index.php?rest_route=\/wp\/v2\/posts\/71407","targetHints":{"allow":["GET"]}}],"collection":[{"href":"https:\/\/2horizontes.com\/index.php?rest_route=\/wp\/v2\/posts"}],"about":[{"href":"https:\/\/2horizontes.com\/index.php?rest_route=\/wp\/v2\/types\/post"}],"author":[{"embeddable":true,"href":"https:\/\/2horizontes.com\/index.php?rest_route=\/wp\/v2\/users\/44079"}],"replies":[{"embeddable":true,"href":"https:\/\/2horizontes.com\/index.php?rest_route=%2Fwp%2Fv2%2Fcomments&post=71407"}],"version-history":[{"count":1,"href":"https:\/\/2horizontes.com\/index.php?rest_route=\/wp\/v2\/posts\/71407\/revisions"}],"predecessor-version":[{"id":71409,"href":"https:\/\/2horizontes.com\/index.php?rest_route=\/wp\/v2\/posts\/71407\/revisions\/71409"}],"wp:featuredmedia":[{"embeddable":true,"href":"https:\/\/2horizontes.com\/index.php?rest_route=\/wp\/v2\/media\/71408"}],"wp:attachment":[{"href":"https:\/\/2horizontes.com\/index.php?rest_route=%2Fwp%2Fv2%2Fmedia&parent=71407"}],"wp:term":[{"taxonomy":"category","embeddable":true,"href":"https:\/\/2horizontes.com\/index.php?rest_route=%2Fwp%2Fv2%2Fcategories&post=71407"},{"taxonomy":"post_tag","embeddable":true,"href":"https:\/\/2horizontes.com\/index.php?rest_route=%2Fwp%2Fv2%2Ftags&post=71407"}],"curies":[{"name":"wp","href":"https:\/\/api.w.org\/{rel}","templated":true}]}}