{"id":7136,"date":"2015-05-15T14:21:04","date_gmt":"2015-05-15T13:21:04","guid":{"rendered":"http:\/\/2horizontes.com\/?p=7136"},"modified":"2015-05-15T14:21:36","modified_gmt":"2015-05-15T13:21:36","slug":"mueren-dos-indigentes-en-valencia-por-la-alta-temperatura","status":"publish","type":"post","link":"https:\/\/2horizontes.com\/?p=7136","title":{"rendered":"Mueren dos indigentes  en Valencia por la alta temperatura"},"content":{"rendered":"<p>Dos indigentes fallecieron ayer en Valencia y Xirivella en el d\u00eda de m\u00e1s calor registrado en el mes de mayo en la provincia de Valencia en los \u00faltimos 140 a\u00f1os.<\/p>\n<p>Seg\u00fan han informado hoy a EFE fuentes de la Jefatura Superior de Polic\u00eda, la primera v\u00edctima, <strong>un espa\u00f1ol de 62 a\u00f1os<\/strong>, fue localizada poco despu\u00e9s de las 19.00 horas en la calle Humanista Furi\u00f3, dentro del jard\u00edn de Ayora.<\/p>\n<p>El hombre fue hallado todav\u00eda con vida, por lo que una ambulancia lo traslad\u00f3 a un centro hospitalario, aunque falleci\u00f3 al poco tiempo, han indicado las mismas fuentes.<\/p>\n<p>El otro fallecido, <strong>un hombre de nacionalidad rumana de 47 a\u00f1os<\/strong>, fue encontrado alrededor de las 19.30 horas en las inmediaciones del polideportivo de Xirivella, una poblaci\u00f3n del \u00e1rea metropolitana de Valencia.<\/p>\n<p>Fuentes de la Jefatura Superior de Polic\u00eda de Valencia han indicado a EFE que se trata, en ambos casos, de muertes por causas naturales, aunque otras fuentes no descartan la incidencia del calor en estos fallecimientos.<\/p>\n","protected":false},"excerpt":{"rendered":"<p>Dos indigentes fallecieron ayer en Valencia y Xirivella en el d\u00eda de m\u00e1s calor registrado en el mes de mayo en la provincia de Valencia en los \u00faltimos 140 a\u00f1os. Seg\u00fan han informado hoy a EFE fuentes de la Jefatura Superior de Polic\u00eda, la primera v\u00edctima, un espa\u00f1ol de 62 a\u00f1os, fue localizada poco despu\u00e9s [&hellip;]<\/p>\n","protected":false},"author":4,"featured_media":7139,"comment_status":"open","ping_status":"open","sticky":false,"template":"","format":"standard","meta":{"footnotes":""},"categories":[85,53],"tags":[],"class_list":["post-7136","post","type-post","status-publish","format-standard","has-post-thumbnail","hentry","category-espana","category-provincias"],"_links":{"self":[{"href":"https:\/\/2horizontes.com\/index.php?rest_route=\/wp\/v2\/posts\/7136","targetHints":{"allow":["GET"]}}],"collection":[{"href":"https:\/\/2horizontes.com\/index.php?rest_route=\/wp\/v2\/posts"}],"about":[{"href":"https:\/\/2horizontes.com\/index.php?rest_route=\/wp\/v2\/types\/post"}],"author":[{"embeddable":true,"href":"https:\/\/2horizontes.com\/index.php?rest_route=\/wp\/v2\/users\/4"}],"replies":[{"embeddable":true,"href":"https:\/\/2horizontes.com\/index.php?rest_route=%2Fwp%2Fv2%2Fcomments&post=7136"}],"version-history":[{"count":1,"href":"https:\/\/2horizontes.com\/index.php?rest_route=\/wp\/v2\/posts\/7136\/revisions"}],"predecessor-version":[{"id":7140,"href":"https:\/\/2horizontes.com\/index.php?rest_route=\/wp\/v2\/posts\/7136\/revisions\/7140"}],"wp:featuredmedia":[{"embeddable":true,"href":"https:\/\/2horizontes.com\/index.php?rest_route=\/wp\/v2\/media\/7139"}],"wp:attachment":[{"href":"https:\/\/2horizontes.com\/index.php?rest_route=%2Fwp%2Fv2%2Fmedia&parent=7136"}],"wp:term":[{"taxonomy":"category","embeddable":true,"href":"https:\/\/2horizontes.com\/index.php?rest_route=%2Fwp%2Fv2%2Fcategories&post=7136"},{"taxonomy":"post_tag","embeddable":true,"href":"https:\/\/2horizontes.com\/index.php?rest_route=%2Fwp%2Fv2%2Ftags&post=7136"}],"curies":[{"name":"wp","href":"https:\/\/api.w.org\/{rel}","templated":true}]}}