{"id":71315,"date":"2020-07-22T21:37:55","date_gmt":"2020-07-22T20:37:55","guid":{"rendered":"http:\/\/2horizontes.com\/?p=71315"},"modified":"2020-07-22T21:37:57","modified_gmt":"2020-07-22T20:37:57","slug":"maria-alejandra-munoz-asume-la-vicepresidencia-de-ecuador","status":"publish","type":"post","link":"https:\/\/2horizontes.com\/?p=71315","title":{"rendered":"Mar\u00eda Alejandra Mu\u00f1oz asume la Vicepresidencia de Ecuador"},"content":{"rendered":"\n<p>Mar\u00eda Alejandra Mu\u00f1oz Seminario asumi\u00f3 este mi\u00e9rcoles 22 de julio la Vicepresidencia de Ecuador, tras ser elegida la semana pasada por la Asamblea Nacional (Parlamento) para ocupar ese cargo.<\/p>\n\n\n\n<p>Mu\u00f1oz, de 41 a\u00f1os y abogada de profesi\u00f3n, se convierte as\u00ed en la cuarta persona en dirigir la Vicepresidencia de Ecuador durante el Gobierno de&nbsp;<a href=\"https:\/\/actualidad.rt.com\/actualidad\/239447-lenin-moreno-presidente-ecuador\" target=\"_blank\" rel=\"noreferrer noopener\">Len\u00edn Moreno<\/a>, que comenz\u00f3 en mayo de 2017; luego de Jorge Glas, Mar\u00eda Alejandra Vicu\u00f1a y Otto Sonnenholzner, quien renunci\u00f3 el pasado 7 de julio.<\/p>\n\n\n\n<p><strong>\u00abGracias, se\u00f1or presidente, por esta oportunidad\u00bb<\/strong>, dijo la funcionaria en la toma de posesi\u00f3n ante la Asamblea Nacional.<\/p>\n\n\n\n<p>Mu\u00f1oz asume el cargo para los pr\u00f3ximos 10 meses, hasta mayo de 2021, cuando la actual administraci\u00f3n termina su mandato de cuatro a\u00f1os, de acuerdo con lo establecido en la Constituci\u00f3n.<\/p>\n\n\n\n<p>\u00abEn estos 10 meses les aseguro que mi testimonio de vida, mi coherencia y la de mi familia&nbsp;<strong>estar\u00e1n al servicio del pa\u00eds para sembrar confianza y paz<\/strong>, con amor, con caridad, servir y amar\u00bb, se\u00f1al\u00f3.<\/p>\n\n\n\n<h3 class=\"wp-block-heading\">Cargos previos<\/h3>\n\n\n\n<p>Hasta el momento de su designaci\u00f3n, la nueva vicepresidenta \u2014la tercera mujer que ocupa ese cargo en el pa\u00eds\u2014 se desempe\u00f1aba como directora&nbsp;del Servicio&nbsp;Nacional de&nbsp;Aduanas&nbsp;del Ecuador (SENAE).<\/p>\n\n\n\n<p>Previamente, tambi\u00e9n ocup\u00f3 otros cargos, entre ellos:<\/p>\n\n\n\n<ul class=\"wp-block-list\"><li>Asesora de la subsecretar\u00eda Jur\u00eddica de la Presidencia de la Rep\u00fablica.<\/li><li>Asesora de la subsecretar\u00eda General de Gobierno.<\/li><li>Asesora de la subsecretar\u00eda de Agenda Presidencial.<\/li><\/ul>\n\n\n\n<h3 class=\"wp-block-heading\">Evento presencial<\/h3>\n\n\n\n<p>Pese al aumento de contagios del nuevo coronavirus en Quito, la capital de Ecuador \u2014hasta ayer se contabilizaban 11.524 infectados\u2014,&nbsp;<strong>la toma de posesi\u00f3n fue presencial en la sede del Congreso<\/strong>; aunque la mayor\u00eda de los legisladores estuvieron v\u00eda telem\u00e1tica, incluyendo al presidente del Parlamento, C\u00e9sar Litardo, quien se encuentra en aislamiento, tras dar positivo por covid-19 a principios de julio.<\/p>\n\n\n\n<p>A la sede de la Asamblea Nacional&nbsp;asistieron, entre otros, los titulares del Consejo Nacional Electoral (CNE), Diana Atamaint; de la Corte Nacional de Justicia, Paulina Aguirre; del Consejo de la Judicatura, Mar\u00eda del Carmen Maldonado; de la Defensor\u00eda P\u00fablica, \u00c1ngel Torres; de la Defensor\u00eda del Pueblo, Freddy Carri\u00f3n; y del Consejo de Participaci\u00f3n Ciudadana y Control Social (CPCCS), Christian Cruz.<\/p>\n\n\n\n<p>Tambi\u00e9n estuvieron los ministros de Salud, Juan Carlos Zevallos; de Defensa, Oswaldo Jarr\u00edn; de Gobierno, Mar\u00eda Paula Romo; y de Econom\u00eda y Finanzas, Richard Mart\u00ednez.<a rel=\"noreferrer noopener\" href=\"https:\/\/news.google.com\/publications\/CAAqBwgKMNS13gIwkpwc?hl=es-419&amp;gl=MX&amp;ceid=MX%3Aes-419\" target=\"_blank\"><\/a><\/p>\n\n\n\n<p>Fuente: RT. <\/p>\n\n\n\n<p><\/p>\n\n\n\n<p><a href=\"https:\/\/actualidad.rt.com\/actualidad\/360625-nayib-bukele-senora-azul-cronica-anunciada\"><\/a><\/p>\n\n\n\n\n\n<h2 class=\"wp-block-heading\"><\/h2>\n\n\n\n<p><\/p>\n\n\n\n\n\n\n\n<ul class=\"wp-block-list\"><li><\/li><\/ul>\n\n\n\n<p><\/p>\n","protected":false},"excerpt":{"rendered":"<p>Mar\u00eda Alejandra Mu\u00f1oz Seminario asumi\u00f3 este mi\u00e9rcoles 22 de julio la Vicepresidencia de Ecuador, tras ser elegida la semana pasada por la Asamblea Nacional (Parlamento) para ocupar ese cargo. Mu\u00f1oz, de 41 a\u00f1os y abogada de profesi\u00f3n, se convierte as\u00ed en la cuarta persona en dirigir la Vicepresidencia de Ecuador durante el Gobierno de&nbsp;Len\u00edn Moreno, [&hellip;]<\/p>\n","protected":false},"author":44079,"featured_media":71316,"comment_status":"open","ping_status":"open","sticky":false,"template":"","format":"standard","meta":{"footnotes":""},"categories":[40],"tags":[],"class_list":["post-71315","post","type-post","status-publish","format-standard","has-post-thumbnail","hentry","category-internacionales"],"_links":{"self":[{"href":"https:\/\/2horizontes.com\/index.php?rest_route=\/wp\/v2\/posts\/71315","targetHints":{"allow":["GET"]}}],"collection":[{"href":"https:\/\/2horizontes.com\/index.php?rest_route=\/wp\/v2\/posts"}],"about":[{"href":"https:\/\/2horizontes.com\/index.php?rest_route=\/wp\/v2\/types\/post"}],"author":[{"embeddable":true,"href":"https:\/\/2horizontes.com\/index.php?rest_route=\/wp\/v2\/users\/44079"}],"replies":[{"embeddable":true,"href":"https:\/\/2horizontes.com\/index.php?rest_route=%2Fwp%2Fv2%2Fcomments&post=71315"}],"version-history":[{"count":1,"href":"https:\/\/2horizontes.com\/index.php?rest_route=\/wp\/v2\/posts\/71315\/revisions"}],"predecessor-version":[{"id":71317,"href":"https:\/\/2horizontes.com\/index.php?rest_route=\/wp\/v2\/posts\/71315\/revisions\/71317"}],"wp:featuredmedia":[{"embeddable":true,"href":"https:\/\/2horizontes.com\/index.php?rest_route=\/wp\/v2\/media\/71316"}],"wp:attachment":[{"href":"https:\/\/2horizontes.com\/index.php?rest_route=%2Fwp%2Fv2%2Fmedia&parent=71315"}],"wp:term":[{"taxonomy":"category","embeddable":true,"href":"https:\/\/2horizontes.com\/index.php?rest_route=%2Fwp%2Fv2%2Fcategories&post=71315"},{"taxonomy":"post_tag","embeddable":true,"href":"https:\/\/2horizontes.com\/index.php?rest_route=%2Fwp%2Fv2%2Ftags&post=71315"}],"curies":[{"name":"wp","href":"https:\/\/api.w.org\/{rel}","templated":true}]}}