{"id":71308,"date":"2020-07-21T11:44:34","date_gmt":"2020-07-21T10:44:34","guid":{"rendered":"http:\/\/2horizontes.com\/?p=71308"},"modified":"2020-07-21T11:44:35","modified_gmt":"2020-07-21T10:44:35","slug":"republica-dominicana-vuelve-al-toque-de-queda-quienes-podran-circular","status":"publish","type":"post","link":"https:\/\/2horizontes.com\/?p=71308","title":{"rendered":"Rep\u00fablica Dominicana vuelve al toque de queda \u00bfQui\u00e9nes podr\u00e1n circular ?"},"content":{"rendered":"\n<p><strong>Este lunes se anunci\u00f3 un nuevo toque de queda<\/strong>&nbsp;luego de la aprobaci\u00f3n del estado de emergencia. Sin embargo, algunos grupos de personas estar\u00e1n exentos a esta medida de contenci\u00f3n del Covid-19.<\/p>\n\n\n\n<p><strong>El art\u00edculo 4 del decreto 266-20<\/strong>&nbsp;detalla que durante el toque de queda (<strong>que se inicia este 21 de julio y ser\u00e1 por 20 d\u00edas<\/strong>) las personas dedicadas a los servicios de salud, tales como m\u00e9dicos, enfermeros, bionalistas, personal param\u00e9dico y farmac\u00e9utico.<\/p>\n\n\n\n<p>Tambi\u00e9n&nbsp;<strong>aquellas con alguna emergencia m\u00e9dica&nbsp;<\/strong>que necesiten dirigirse a alg\u00fan centro de salud o farmacia.<\/p>\n\n\n\n<p>Podr\u00e1n estar durante el toque de queda aquellos dedicados a labores de seguridad privada debidamente identificadas.<\/p>\n\n\n\n<p>Los miembros de la prensa y dem\u00e1s medios de comunicaci\u00f3n debidamente acreditados.<\/p>\n\n\n\n<p>Asimismo, los operadores de veh\u00edculos y t\u00e9cnicos de empresas e instituciones prestadoras de servicios de energ\u00eda, agua, telecomunicaciones y recogida de desechos s\u00f3lidos debidamente identificados, exclusivamente durante el ejercicio de sus funciones laborales.<\/p>\n\n\n\n<p>Los operadores de veh\u00edculos dedicados a la distribuci\u00f3n urbana e interurbana de mercanc\u00edas, insumos y combustibles debidamente identificados, exclusivamente durante el ejercicio de sus funciones laborales.<\/p>\n\n\n\n<p>Adem\u00e1s<strong>&nbsp;personas que laboren en la industria y el comercio de alimentos y productos m\u00e9dicos&nbsp;<\/strong>y farmac\u00e9uticos y est\u00e9n en tr\u00e1nsito hacia y desde sus lugares de trabajo, siempre que porten identificaci\u00f3n de una empresa autorizada por la Comisi\u00f3n de Alto Nivel para la Prevenci\u00f3n y Control del Coronavirus.<\/p>\n\n\n\n<p><strong>Los pasajeros internacionales y operadores de veh\u00edculos&nbsp;<\/strong>particulares o comerciales que est\u00e9n trasladando a estos, as\u00ed como empleados del sector de transporte mar\u00edtimo y a\u00e9reo debidamente identificados, en tr\u00e1nsito o desde puertos y aeropuertos.<\/p>\n\n\n\n<p>Los empleados de empresas que brinden servicios funerarios, exclusivamente durante el ejercicio de sus funciones laborales.<\/p>\n\n\n\n<p>Tambi\u00e9n los empleados o contratistas de los sectores de hoteler\u00eda, miner\u00eda y zonas francas, exclusivamente durante el ejercicio de sus funciones laborales.<\/p>\n\n\n\n<p><strong>\u00abDe lunes a viernes de 7:00 p.m. a 5:00 a.m. y los s\u00e1bados y domingos de 5:00 p.m. a 5:00 a.m.\u00a0<\/strong>en las siguientes demarcaciones geogr\u00e1ficas:<\/p>\n\n\n\n<p>Fuente: List\u00edn Diario.<\/p>\n","protected":false},"excerpt":{"rendered":"<p>Este lunes se anunci\u00f3 un nuevo toque de queda&nbsp;luego de la aprobaci\u00f3n del estado de emergencia. Sin embargo, algunos grupos de personas estar\u00e1n exentos a esta medida de contenci\u00f3n del Covid-19. El art\u00edculo 4 del decreto 266-20&nbsp;detalla que durante el toque de queda (que se inicia este 21 de julio y ser\u00e1 por 20 d\u00edas) [&hellip;]<\/p>\n","protected":false},"author":44079,"featured_media":71309,"comment_status":"open","ping_status":"open","sticky":false,"template":"","format":"standard","meta":{"footnotes":""},"categories":[44],"tags":[],"class_list":["post-71308","post","type-post","status-publish","format-standard","has-post-thumbnail","hentry","category-republica-dominicana"],"_links":{"self":[{"href":"https:\/\/2horizontes.com\/index.php?rest_route=\/wp\/v2\/posts\/71308","targetHints":{"allow":["GET"]}}],"collection":[{"href":"https:\/\/2horizontes.com\/index.php?rest_route=\/wp\/v2\/posts"}],"about":[{"href":"https:\/\/2horizontes.com\/index.php?rest_route=\/wp\/v2\/types\/post"}],"author":[{"embeddable":true,"href":"https:\/\/2horizontes.com\/index.php?rest_route=\/wp\/v2\/users\/44079"}],"replies":[{"embeddable":true,"href":"https:\/\/2horizontes.com\/index.php?rest_route=%2Fwp%2Fv2%2Fcomments&post=71308"}],"version-history":[{"count":1,"href":"https:\/\/2horizontes.com\/index.php?rest_route=\/wp\/v2\/posts\/71308\/revisions"}],"predecessor-version":[{"id":71310,"href":"https:\/\/2horizontes.com\/index.php?rest_route=\/wp\/v2\/posts\/71308\/revisions\/71310"}],"wp:featuredmedia":[{"embeddable":true,"href":"https:\/\/2horizontes.com\/index.php?rest_route=\/wp\/v2\/media\/71309"}],"wp:attachment":[{"href":"https:\/\/2horizontes.com\/index.php?rest_route=%2Fwp%2Fv2%2Fmedia&parent=71308"}],"wp:term":[{"taxonomy":"category","embeddable":true,"href":"https:\/\/2horizontes.com\/index.php?rest_route=%2Fwp%2Fv2%2Fcategories&post=71308"},{"taxonomy":"post_tag","embeddable":true,"href":"https:\/\/2horizontes.com\/index.php?rest_route=%2Fwp%2Fv2%2Ftags&post=71308"}],"curies":[{"name":"wp","href":"https:\/\/api.w.org\/{rel}","templated":true}]}}