{"id":71297,"date":"2020-07-21T11:08:08","date_gmt":"2020-07-21T10:08:08","guid":{"rendered":"http:\/\/2horizontes.com\/?p=71297"},"modified":"2020-07-21T11:08:12","modified_gmt":"2020-07-21T10:08:12","slug":"espana-recibira-unos-140-000-millones-de-euros-del-fondo-de-recuperacion-europeo-por-la-pandemia","status":"publish","type":"post","link":"https:\/\/2horizontes.com\/?p=71297","title":{"rendered":"Espa\u00f1a recibir\u00e1 unos 140.000 millones de euros del fondo de recuperaci\u00f3n europeo por la pandemia"},"content":{"rendered":"\n<p>Espa\u00f1a recibir\u00e1 alrededor de 140.000 millones de euros (unos 160.000 millones de d\u00f3lares) del&nbsp;<a href=\"https:\/\/actualidad.rt.com\/actualidad\/360599-lideres-europeos-recuperacion-economia-coronavirus\" target=\"_blank\" rel=\"noreferrer noopener\">fondo<\/a>&nbsp;de recuperaci\u00f3n europeo por la pandemia, de los que 72.700 millones se desembolsar\u00e1n como ayudas directas. As\u00ed lo ha anunciado en rueda de prensa desde Bruselas el presidente del Gobierno espa\u00f1ol, Pedro S\u00e1nchez, que calific\u00f3 el pacto alcanzado este martes por la UE de \u00abgran acuerdo\u00bb para Europa y para Espa\u00f1a.<\/p>\n\n\n\n<p>\u00abNo les quepa duda que hoy se ha escrito&nbsp;<strong>una de las p\u00e1ginas m\u00e1s brillantes de la historia de la UE<\/strong>\u00ab, afirm\u00f3 el presidente del Gobierno, que se mostr\u00f3 \u00absatisfecho al 95 %\u00bb con el acuerdo.<\/p>\n\n\n\n<p>El jefe del Ejecutivo ha descrito el pacto como \u00abun aut\u00e9ntico &#8216;Plan Marshall'\u00bb para afrontar la crisis del covid-19, as\u00ed como para abordar las transformaciones que su pa\u00eds necesita en el futuro. Asimismo, el l\u00edder socialista ha tachado de hecho \u00abin\u00e9dito\u00bb que la Comisi\u00f3n Europea se vaya a endeudar por primera vez para financiar el fondo de recuperaci\u00f3n, recoge EFE.<\/p>\n\n\n\n<p>\u00abHoy todos los europeos ganamos y la Uni\u00f3n Europea sale mucho m\u00e1s fuerte\u00bb, asegur\u00f3 S\u00e1nchez.<\/p>\n\n\n\n<figure><iframe allowfullscreen=\"true\" class=\"\" src=\"https:\/\/platform.twitter.com\/embed\/index.html?dnt=false&amp;embedId=twitter-widget-0&amp;frame=false&amp;hideCard=false&amp;hideThread=false&amp;id=1285437481412853760&amp;lang=es&amp;origin=https%3A%2F%2Factualidad.rt.com%2Factualidad%2F360605-historico-ue-fondo-recuperacion-pandemia&amp;siteScreenName=ActualidadRT&amp;theme=light&amp;widgetsVersion=9066bb2%3A1593540614199&amp;width=550px\"><\/iframe><\/figure>\n\n\n\n<p>L\u00edderes de los pa\u00edses de la Uni\u00f3n Europea han aprobado este martes por la ma\u00f1ana un paquete de recuperaci\u00f3n econ\u00f3mica para hacer frente al impacto de la pandemia del nuevo coronavirus, y han acordado destinar a la lucha contra la recesi\u00f3n a causa del covid-19 unos 750.000 millones de euros (alrededor de 859.000 millones de d\u00f3lares) en subvenciones y pr\u00e9stamos.<\/p>\n","protected":false},"excerpt":{"rendered":"<p>Espa\u00f1a recibir\u00e1 alrededor de 140.000 millones de euros (unos 160.000 millones de d\u00f3lares) del&nbsp;fondo&nbsp;de recuperaci\u00f3n europeo por la pandemia, de los que 72.700 millones se desembolsar\u00e1n como ayudas directas. As\u00ed lo ha anunciado en rueda de prensa desde Bruselas el presidente del Gobierno espa\u00f1ol, Pedro S\u00e1nchez, que calific\u00f3 el pacto alcanzado este martes por la [&hellip;]<\/p>\n","protected":false},"author":44079,"featured_media":71298,"comment_status":"open","ping_status":"open","sticky":false,"template":"","format":"standard","meta":{"footnotes":""},"categories":[63,85,40],"tags":[],"class_list":["post-71297","post","type-post","status-publish","format-standard","has-post-thumbnail","hentry","category-economia","category-espana","category-internacionales"],"_links":{"self":[{"href":"https:\/\/2horizontes.com\/index.php?rest_route=\/wp\/v2\/posts\/71297","targetHints":{"allow":["GET"]}}],"collection":[{"href":"https:\/\/2horizontes.com\/index.php?rest_route=\/wp\/v2\/posts"}],"about":[{"href":"https:\/\/2horizontes.com\/index.php?rest_route=\/wp\/v2\/types\/post"}],"author":[{"embeddable":true,"href":"https:\/\/2horizontes.com\/index.php?rest_route=\/wp\/v2\/users\/44079"}],"replies":[{"embeddable":true,"href":"https:\/\/2horizontes.com\/index.php?rest_route=%2Fwp%2Fv2%2Fcomments&post=71297"}],"version-history":[{"count":1,"href":"https:\/\/2horizontes.com\/index.php?rest_route=\/wp\/v2\/posts\/71297\/revisions"}],"predecessor-version":[{"id":71299,"href":"https:\/\/2horizontes.com\/index.php?rest_route=\/wp\/v2\/posts\/71297\/revisions\/71299"}],"wp:featuredmedia":[{"embeddable":true,"href":"https:\/\/2horizontes.com\/index.php?rest_route=\/wp\/v2\/media\/71298"}],"wp:attachment":[{"href":"https:\/\/2horizontes.com\/index.php?rest_route=%2Fwp%2Fv2%2Fmedia&parent=71297"}],"wp:term":[{"taxonomy":"category","embeddable":true,"href":"https:\/\/2horizontes.com\/index.php?rest_route=%2Fwp%2Fv2%2Fcategories&post=71297"},{"taxonomy":"post_tag","embeddable":true,"href":"https:\/\/2horizontes.com\/index.php?rest_route=%2Fwp%2Fv2%2Ftags&post=71297"}],"curies":[{"name":"wp","href":"https:\/\/api.w.org\/{rel}","templated":true}]}}