{"id":71256,"date":"2020-07-17T13:49:10","date_gmt":"2020-07-17T12:49:10","guid":{"rendered":"http:\/\/2horizontes.com\/?p=71256"},"modified":"2020-07-17T13:49:12","modified_gmt":"2020-07-17T12:49:12","slug":"puerto-rico-mantiene-el-toque-de-queda-y-decreta-ley-seca-nocturna-para-frenar-los-contagios-por-covid-19","status":"publish","type":"post","link":"https:\/\/2horizontes.com\/?p=71256","title":{"rendered":"Puerto Rico mantiene el toque de queda y decreta ley seca nocturna para frenar los contagios por covid-19"},"content":{"rendered":"\n<p>La gobernadora de Puerto Rico, Wanda V\u00e1zquez, anunci\u00f3 este jueves 16 de julio nuevas restricciones en la isla ante el repunte de contagios de covid-19.&nbsp;<\/p>\n\n\n\n<p>A partir de una orden ejecutiva que entrar\u00e1 en vigor desde el&nbsp;viernes 17 y se extender\u00e1 hasta el 31 de julio, el Gobierno&nbsp;puertorrique\u00f1o&nbsp;<strong>mantuvo&nbsp;el toque de queda<\/strong>,&nbsp;que rige entre las 22:00 y las 05:00 horas.&nbsp;<\/p>\n\n\n\n<p>Adem\u00e1s,&nbsp;<strong>prohibi\u00f3 la venta de bebidas alcoh\u00f3licas<\/strong>&nbsp;<strong>en todos los comercios<\/strong>&nbsp;a partir de las 19:00 horas. Mientras tanto, qued\u00f3 suspendida la apertura de bares conocidos como &#8216;barras&#8217; y los establecimientos con comidas y bebidas llamados &#8216;chinchorros&#8217;.&nbsp;<\/p>\n\n\n\n\n\n<p>Los restaurantes podr\u00e1n seguir operando en este per\u00edodo, pero solo al&nbsp;<strong>50 % de la capacidad<\/strong>, para evitar aglomeraciones. Los cines, teatros, gimnasios y parques de atracciones, en cambio, estar\u00e1n cerrados.<\/p>\n\n\n\n<p>Las&nbsp;<strong>actividades deportivas y recreativas<\/strong>&nbsp;al aire libre podr\u00e1n realizarse entre las 05:00 y las 19:00 horas, pero de manera individual y sin contacto f\u00edsico. Las playas estar\u00e1n abiertas para corredores, surfistas y deportistas de remo, vela y buceo, pero quedar\u00e1 prohibido&nbsp;tomar el sol y socializar.&nbsp;<\/p>\n\n\n\n<p>\u00abLas estrategias implementadas por el Gobierno han funcionado para proteger vidas y mantener nuestro sistema de salud bajo un&nbsp;funcionamiento \u00f3ptimo [&#8230;]&nbsp;<strong>Pero llegamos a un nivel que necesitamos tomar medidas m\u00e1s restrictivas para minimizar el contagio<\/strong>\u00ab, dijo la gobernadora V\u00e1zquez.&nbsp;<\/p>\n\n\n\n<p>Hasta este d\u00eda, Puerto Rico registra<strong>&nbsp;3.119 casos confirmados de coronavirus<\/strong>&nbsp;y&nbsp;<strong>172 decesos<\/strong>, seg\u00fan&nbsp;<a href=\"http:\/\/www.salud.gov.pr\/Pages\/coronavirus.aspx\" target=\"_blank\" rel=\"noreferrer noopener\">informaci\u00f3n<\/a>&nbsp;del Departamento de Salud del territorio libre asociado estadounidense.&nbsp;<\/p>\n\n\n\n<p>De acuerdo con una estimaci\u00f3n\u00a0<a rel=\"noreferrer noopener\" href=\"https:\/\/www.facebook.com\/watch\/live\/?extid=d7WL3KXzjSP7Ydv1&amp;v=223334625448003&amp;ref=watch_permalink\" target=\"_blank\">presentada<\/a>\u00a0en conferencia de prensa por el Gobierno de V\u00e1zquez,\u00a0<strong>Puerto Rico podr\u00eda\u00a0alcanzar los 5.000 casos acumulados<\/strong>\u00a0en la semana\u00a0del 13 de agosto.\u00a0<\/p>\n\n\n\n<p>Fuente. RT.<\/p>\n","protected":false},"excerpt":{"rendered":"<p>La gobernadora de Puerto Rico, Wanda V\u00e1zquez, anunci\u00f3 este jueves 16 de julio nuevas restricciones en la isla ante el repunte de contagios de covid-19.&nbsp; A partir de una orden ejecutiva que entrar\u00e1 en vigor desde el&nbsp;viernes 17 y se extender\u00e1 hasta el 31 de julio, el Gobierno&nbsp;puertorrique\u00f1o&nbsp;mantuvo&nbsp;el toque de queda,&nbsp;que rige entre las 22:00 [&hellip;]<\/p>\n","protected":false},"author":44079,"featured_media":71257,"comment_status":"open","ping_status":"open","sticky":false,"template":"","format":"standard","meta":{"footnotes":""},"categories":[40],"tags":[],"class_list":["post-71256","post","type-post","status-publish","format-standard","has-post-thumbnail","hentry","category-internacionales"],"_links":{"self":[{"href":"https:\/\/2horizontes.com\/index.php?rest_route=\/wp\/v2\/posts\/71256","targetHints":{"allow":["GET"]}}],"collection":[{"href":"https:\/\/2horizontes.com\/index.php?rest_route=\/wp\/v2\/posts"}],"about":[{"href":"https:\/\/2horizontes.com\/index.php?rest_route=\/wp\/v2\/types\/post"}],"author":[{"embeddable":true,"href":"https:\/\/2horizontes.com\/index.php?rest_route=\/wp\/v2\/users\/44079"}],"replies":[{"embeddable":true,"href":"https:\/\/2horizontes.com\/index.php?rest_route=%2Fwp%2Fv2%2Fcomments&post=71256"}],"version-history":[{"count":1,"href":"https:\/\/2horizontes.com\/index.php?rest_route=\/wp\/v2\/posts\/71256\/revisions"}],"predecessor-version":[{"id":71258,"href":"https:\/\/2horizontes.com\/index.php?rest_route=\/wp\/v2\/posts\/71256\/revisions\/71258"}],"wp:featuredmedia":[{"embeddable":true,"href":"https:\/\/2horizontes.com\/index.php?rest_route=\/wp\/v2\/media\/71257"}],"wp:attachment":[{"href":"https:\/\/2horizontes.com\/index.php?rest_route=%2Fwp%2Fv2%2Fmedia&parent=71256"}],"wp:term":[{"taxonomy":"category","embeddable":true,"href":"https:\/\/2horizontes.com\/index.php?rest_route=%2Fwp%2Fv2%2Fcategories&post=71256"},{"taxonomy":"post_tag","embeddable":true,"href":"https:\/\/2horizontes.com\/index.php?rest_route=%2Fwp%2Fv2%2Ftags&post=71256"}],"curies":[{"name":"wp","href":"https:\/\/api.w.org\/{rel}","templated":true}]}}