{"id":71244,"date":"2020-07-15T10:06:27","date_gmt":"2020-07-15T09:06:27","guid":{"rendered":"http:\/\/2horizontes.com\/?p=71244"},"modified":"2020-07-15T10:07:28","modified_gmt":"2020-07-15T09:07:28","slug":"futuro-canciller-respeta-ley-sobre-la-nacionalidad","status":"publish","type":"post","link":"https:\/\/2horizontes.com\/?p=71244","title":{"rendered":"Rep\u00fablica Dominicana: Futuro canciller respeta Ley sobre la nacionalidad"},"content":{"rendered":"\n<p>El designado ministro de Relaciones Exterio\u00adres, Roberto \u00c1lvarez, di\u00adjo ayer que respetar\u00e1 \u201cla Constituci\u00f3n del 2010, que estableci\u00f3 claramen\u00adte qui\u00e9nes tienen dere\u00adcho a la nacionalidad dominicana y excluy\u00f3 claramente a los hijos de cualquier persona que es\u00adt\u00e9 en un estado irregular y eso es lo que prevalece en el pa\u00eds\u201d.<\/p>\n\n\n\n<p>Explic\u00f3 tambi\u00e9n que los cuestionamientos a la sen\u00adtencia 168-13 del Tribu\u00adnal Constitucional que es\u00adtableci\u00f3 los criterios para adquirir la nacionalidad fueron resueltos mediante la Ley 169-14 de natura\u00adlizaci\u00f3n especial, que fue aprobada por el Congre\u00adso Nacional y consensua\u00adda con diversos sectores. y todos los pol\u00edticos.<\/p>\n\n\n\n<p>\u201cAs\u00ed que yo no veo que haya ninguna contradic\u00adci\u00f3n en ello\u201d, expres\u00f3. \u201cY la Constituci\u00f3n estableci\u00f3 qui\u00e9nes tienen derecho a la nacionalidad dominica\u00adna y excluy\u00f3 claramente a los hijos de cualquier per\u00adsona que tenga un estatus irregular y eso es lo que prevalece en RD, la Cons\u00adtituci\u00f3n de 2010\u201d, precis\u00f3 \u00c1lvarez.<\/p>\n\n\n\n<p>Al ser cuestionado por los periodistas, de si se consideraba como na\u00adcionalista por los ataques que le han hecho varios grupos, asegur\u00f3 sentirse \u201cdominicanista\u201d. \u201cYo soy dominicanista. Soy domi\u00adnicano primero, segundo y tercero\u201d, manifest\u00f3.<\/p>\n\n\n\n<p>\u00c1lvarez asegur\u00f3 tam\u00adbi\u00e9n que en conjunto con el \u201cgobierno del cambio\u201d tiene tres principales objetivos, entre ellos proteger los do\u00adminicanos que residen en el exterior.<\/p>\n\n\n\n<p><strong>Dominicanos en exterior<\/strong><\/p>\n\n\n\n<p>\u201cLa protecci\u00f3n de los do\u00adminicanos en el exterior, promoci\u00f3n de las expor\u00adtaciones y atracci\u00f3n de in\u00adversiones para generar em\u00adpleos, y el tercer objetivo es promover los valores de la democracia y los valores de los derechos humanos consagrados en la Consti\u00adtuci\u00f3n dominicana\u201d, dijo en las afueras del Hostal Nico\u00adl\u00e1s de Ovando ubicado en la Zona Colonial, lugar don\u00adde el presidente electo to\u00adma las principales decisio\u00adnes sobre el nuevo gobierno que tomar\u00e1 posesi\u00f3n el 16 de agosto pr\u00f3ximo.<\/p>\n\n\n\n<p>\u00c1lvarez fue embajador dominicano ante la Orga\u00adnizaci\u00f3n de Estados Ameri\u00adcanos (OEA), es un recono\u00adcido abogado y analista de pol\u00edtica internacional y es autor de diversas publica\u00adciones sobre derechos hu\u00admanos y derecho interna\u00adcional.<\/p>\n\n\n\n<p>Fuente: List\u00edn Diario.<\/p>\n","protected":false},"excerpt":{"rendered":"<p>El designado ministro de Relaciones Exterio\u00adres, Roberto \u00c1lvarez, di\u00adjo ayer que respetar\u00e1 \u201cla Constituci\u00f3n del 2010, que estableci\u00f3 claramen\u00adte qui\u00e9nes tienen dere\u00adcho a la nacionalidad dominicana y excluy\u00f3 claramente a los hijos de cualquier persona que es\u00adt\u00e9 en un estado irregular y eso es lo que prevalece en el pa\u00eds\u201d. Explic\u00f3 tambi\u00e9n que los cuestionamientos [&hellip;]<\/p>\n","protected":false},"author":44079,"featured_media":71245,"comment_status":"open","ping_status":"open","sticky":false,"template":"","format":"standard","meta":{"footnotes":""},"categories":[40,44],"tags":[],"class_list":["post-71244","post","type-post","status-publish","format-standard","has-post-thumbnail","hentry","category-internacionales","category-republica-dominicana"],"_links":{"self":[{"href":"https:\/\/2horizontes.com\/index.php?rest_route=\/wp\/v2\/posts\/71244","targetHints":{"allow":["GET"]}}],"collection":[{"href":"https:\/\/2horizontes.com\/index.php?rest_route=\/wp\/v2\/posts"}],"about":[{"href":"https:\/\/2horizontes.com\/index.php?rest_route=\/wp\/v2\/types\/post"}],"author":[{"embeddable":true,"href":"https:\/\/2horizontes.com\/index.php?rest_route=\/wp\/v2\/users\/44079"}],"replies":[{"embeddable":true,"href":"https:\/\/2horizontes.com\/index.php?rest_route=%2Fwp%2Fv2%2Fcomments&post=71244"}],"version-history":[{"count":3,"href":"https:\/\/2horizontes.com\/index.php?rest_route=\/wp\/v2\/posts\/71244\/revisions"}],"predecessor-version":[{"id":71248,"href":"https:\/\/2horizontes.com\/index.php?rest_route=\/wp\/v2\/posts\/71244\/revisions\/71248"}],"wp:featuredmedia":[{"embeddable":true,"href":"https:\/\/2horizontes.com\/index.php?rest_route=\/wp\/v2\/media\/71245"}],"wp:attachment":[{"href":"https:\/\/2horizontes.com\/index.php?rest_route=%2Fwp%2Fv2%2Fmedia&parent=71244"}],"wp:term":[{"taxonomy":"category","embeddable":true,"href":"https:\/\/2horizontes.com\/index.php?rest_route=%2Fwp%2Fv2%2Fcategories&post=71244"},{"taxonomy":"post_tag","embeddable":true,"href":"https:\/\/2horizontes.com\/index.php?rest_route=%2Fwp%2Fv2%2Ftags&post=71244"}],"curies":[{"name":"wp","href":"https:\/\/api.w.org\/{rel}","templated":true}]}}