{"id":71210,"date":"2020-07-13T09:38:00","date_gmt":"2020-07-13T08:38:00","guid":{"rendered":"http:\/\/2horizontes.com\/?p=71210"},"modified":"2020-07-14T09:40:57","modified_gmt":"2020-07-14T08:40:57","slug":"america-latina-pasa-a-ser-la-segunda-region-del-mundo-con-mas-muertes-por-el-coronavirus","status":"publish","type":"post","link":"https:\/\/2horizontes.com\/?p=71210","title":{"rendered":"Am\u00e9rica Latina pasa a ser la segunda regi\u00f3n del mundo con m\u00e1s muertes por el coronavirus"},"content":{"rendered":"\n<p>Am\u00e9rica Latina y el Caribe se convirti\u00f3 este lunes en la segunda regi\u00f3n con mayor cantidad de v\u00edctimas por la pandemia del coronavirus, acumulando un total de casi 143.500 muertes, superando&nbsp;por al menos 300 decesos la cantidad reportada entre EE.UU. y Canad\u00e1, seg\u00fan los&nbsp;<a href=\"https:\/\/paho-covid19-response-who.hub.arcgis.com\/\" target=\"_blank\" rel=\"noreferrer noopener\">datos<\/a>&nbsp;publicados por la Organizaci\u00f3n Panamericana de la Salud (OPS).&nbsp;<\/p>\n\n\n\n<p>As\u00ed,&nbsp;<strong>se destacan los casos de Brasil y M\u00e9xico<\/strong>, con m\u00e1s de 71.400 y 34.700 fallecidos por covid-19, respectivamente. Entre las naciones m\u00e1s afectadas de Latinoam\u00e9rica, tambi\u00e9n est\u00e1&nbsp;<strong>Per\u00fa<\/strong>, que suma casi 11.700, y&nbsp;<strong>Chile<\/strong>, muy cerca de los 7.000.<\/p>\n\n\n\n<p><strong>Ecuador<\/strong>, con una poblaci\u00f3n menor,&nbsp;est\u00e1 superando las 5.000 v\u00edctimas, luego de haber experimentado el colapso de sus&nbsp;sistemas sanitario y funerario durante varias semanas. Y&nbsp;<strong>Bolivia<\/strong>, que seg\u00fan la OPS a\u00fan no llega a las 1.800 muertes, en los \u00faltimos d\u00edas tambi\u00e9n mostr\u00f3 conflictos&nbsp;en su capacidad de atenci\u00f3n m\u00e9dica.&nbsp;<\/p>\n\n\n\n<p>Con ese marco, la directora del organismo dependiente de la Organizaci\u00f3n Mundial de la Salud (OMS),&nbsp;Carissa Etienne, pidi\u00f3 sostener los esfuerzos para responder a la emergencia sanitaria en todo el continente: \u00ab<strong>Debemos permanecer alertas<\/strong>, pero especialmente en lugares que han visto un aumento reciente de casos, como lo estamos viendo en varios estados de EE.UU., y en la mayor\u00eda de los pa\u00edses de Am\u00e9rica Central y Am\u00e9rica del Sur\u00bb.<\/p>\n\n\n\n<p>Por ahora, los&nbsp;n\u00fameros m\u00e1s elevados siguen siendo de Europa, que&nbsp;registra&nbsp;unos 200.000 decesos por la pandemia.&nbsp;<\/p>\n","protected":false},"excerpt":{"rendered":"<p>Am\u00e9rica Latina y el Caribe se convirti\u00f3 este lunes en la segunda regi\u00f3n con mayor cantidad de v\u00edctimas por la pandemia del coronavirus, acumulando un total de casi 143.500 muertes, superando&nbsp;por al menos 300 decesos la cantidad reportada entre EE.UU. y Canad\u00e1, seg\u00fan los&nbsp;datos&nbsp;publicados por la Organizaci\u00f3n Panamericana de la Salud (OPS).&nbsp; As\u00ed,&nbsp;se destacan los [&hellip;]<\/p>\n","protected":false},"author":44079,"featured_media":71211,"comment_status":"open","ping_status":"open","sticky":false,"template":"","format":"standard","meta":{"footnotes":""},"categories":[40],"tags":[],"class_list":["post-71210","post","type-post","status-publish","format-standard","has-post-thumbnail","hentry","category-internacionales"],"_links":{"self":[{"href":"https:\/\/2horizontes.com\/index.php?rest_route=\/wp\/v2\/posts\/71210","targetHints":{"allow":["GET"]}}],"collection":[{"href":"https:\/\/2horizontes.com\/index.php?rest_route=\/wp\/v2\/posts"}],"about":[{"href":"https:\/\/2horizontes.com\/index.php?rest_route=\/wp\/v2\/types\/post"}],"author":[{"embeddable":true,"href":"https:\/\/2horizontes.com\/index.php?rest_route=\/wp\/v2\/users\/44079"}],"replies":[{"embeddable":true,"href":"https:\/\/2horizontes.com\/index.php?rest_route=%2Fwp%2Fv2%2Fcomments&post=71210"}],"version-history":[{"count":1,"href":"https:\/\/2horizontes.com\/index.php?rest_route=\/wp\/v2\/posts\/71210\/revisions"}],"predecessor-version":[{"id":71212,"href":"https:\/\/2horizontes.com\/index.php?rest_route=\/wp\/v2\/posts\/71210\/revisions\/71212"}],"wp:featuredmedia":[{"embeddable":true,"href":"https:\/\/2horizontes.com\/index.php?rest_route=\/wp\/v2\/media\/71211"}],"wp:attachment":[{"href":"https:\/\/2horizontes.com\/index.php?rest_route=%2Fwp%2Fv2%2Fmedia&parent=71210"}],"wp:term":[{"taxonomy":"category","embeddable":true,"href":"https:\/\/2horizontes.com\/index.php?rest_route=%2Fwp%2Fv2%2Fcategories&post=71210"},{"taxonomy":"post_tag","embeddable":true,"href":"https:\/\/2horizontes.com\/index.php?rest_route=%2Fwp%2Fv2%2Ftags&post=71210"}],"curies":[{"name":"wp","href":"https:\/\/api.w.org\/{rel}","templated":true}]}}