{"id":71206,"date":"2020-07-10T21:44:31","date_gmt":"2020-07-10T20:44:31","guid":{"rendered":"http:\/\/2horizontes.com\/?p=71206"},"modified":"2020-07-10T21:44:33","modified_gmt":"2020-07-10T20:44:33","slug":"lisandro-macarrulla-nuevo-ministro-de-la-presidencia-en-gobierno-de-luis-abinader","status":"publish","type":"post","link":"https:\/\/2horizontes.com\/?p=71206","title":{"rendered":"Lisandro Macarrulla, nuevo ministro de la Presidencia en Gobierno de Luis Abinader"},"content":{"rendered":"\n<p>El presidente electo Luis Abinader anunci\u00f3 la designaci\u00f3n de Lisandro Macarrulla como Ministro de la Presidencia de la Rep\u00fablica Dominicana.<\/p>\n\n\n\n<p>El mandatario electo dijo que Macarrulla ya est\u00e1 coordinando la comisi\u00f3n t\u00e9cnica de transici\u00f3n gubernamental, con reuniones con su hom\u00f3logo, Gustavo Montalvo.<\/p>\n\n\n\n<p>Lisandro Macarrulla fue presidente del Consejo Nacional de la Empresa Privada y ha sido el presidente del \u201cgabinete presidencial\u201d, que coordin\u00f3 los trabajos de su campa\u00f1a electoral.<\/p>\n\n\n\n<p>El nombramiento ser\u00e1 efectivo el 16 de agosto, tras la toma de juramento al presidente electo.<\/p>\n\n\n\n<p>Antes el presidente electo hab\u00eda designado a Roberto Fulcar como nuevo ministro de Educaci\u00f3n del pa\u00eds, seg\u00fan anunci\u00f3 esta tarde el presidente electo Luis Abinader, en su cuenta en la red social Twitter.<\/p>\n\n\n\n<p>\u201cPara que inmediatamente se integre al equipo de transici\u00f3n de esa \u00e1rea, y trabajar con las actuales autoridades, para el inicio del a\u00f1o escolar\u201d, se\u00f1al\u00f3 el nuevo mandatario.<\/p>\n\n\n\n<p>Luis Abinader anunci\u00f3 esta tarde la designaci\u00f3n de Roberto \u00c1lvarez como nuevo ministro de Relaciones Exteriores de la Rep\u00fablica Dominicana.<\/p>\n\n\n\n<p>\u201cDesde ya est\u00e1 trabajando en la visita de dignatarios de los diferentes pa\u00edses, a la toma de posesi\u00f3n. Se incorporar\u00e1 a la comisi\u00f3n de transici\u00f3n de esa \u00e1rea\u201d, inform\u00f3 el nuevo mandatario.<\/p>\n\n\n\n<p>Abinader, presidente electo del pa\u00eds, anunci\u00f3 esta tarde la designaci\u00f3n de la presentadora de televisi\u00f3n Milagros German como Directora de Comunicaciones y Vocera de la Presidencia de la Rep\u00fablica Dominicana.<\/p>\n\n\n\n<p>El mandatario ya hab\u00eda anunciado Milagros Ortiz Bosch ser\u00e1 la responsable de pol\u00edticas de transparencia en su Gobierno.<\/p>\n\n\n\n<p>La disposici\u00f3n, anunciada por Twitter, se convierte en la primera designaci\u00f3n de su nuevo gobierno.&nbsp;<\/p>\n\n\n\n<p>\u00abMi primera designaci\u00f3n es un mensaje claro a los funcionarios del nuevo gobierno y la Naci\u00f3n: Do\u00f1a Milagros Ortiz Bosch ser\u00e1 responsable de las pol\u00edticas de transparencia, \u00e9tica y prevenci\u00f3n de la corrupci\u00f3n. Trabajar\u00e1 en transformar la Direcci\u00f3n de \u00e9tica en un organismo eficaz\u00bb, escribi\u00f3 Abinader.<\/p>\n\n\n\n<p>El nuevo mandatario hab\u00eda anunciado que anunciar\u00eda sus primeras designaciones por las v\u00edas digitales, y que lo har\u00eda en \u00ablos pr\u00f3ximos d\u00edas\u00bb, por lo que se esperan nuevas designaciones.<\/p>\n\n\n\n<p>Ayer el mandatario electo nombr\u00f3 una comisi\u00f3n denominada gabinete de salud, para tratar todo lo relativo a la transici\u00f3n de gobierno y lucha contra el Covid-19.<\/p>\n\n\n\n<p>Ayer, en ese gabinete de salud, se inform\u00f3 que la coordinaci\u00f3n recaer\u00e1&nbsp; en la vicepresidenta electa, Raquel Pe\u00f1a y conformada por los doctores Plutarco Arias, Mario Lama, Victor Atallah, Eddy P\u00e9rez Then, Jos\u00e9 Miguel Stephan, Daniel Rivera, Natalia Garc\u00eda e Ivelisse Acosta.&nbsp;<\/p>\n\n\n\n<p>El presidente se\u00f1al\u00f3 que de igual manera participar\u00e1n en dicho gabinete Yolanda Saturria, en representaci\u00f3n de las enfermeras, Yohani Arias, bioanalista y Sonia Feliz, cirujana.<\/p>\n\n\n\n<p>El mandatario ya hab\u00eda nombrado una comisi\u00f3n t\u00e9cnica de transici\u00f3n, que&nbsp;<strong>la coordina Lisandro Macarrulla y est\u00e1 compuesta por Jos\u00e9 Ignacio Paliza,<\/strong>&nbsp;Sonia Guzm\u00e1n, Jochi Vicente, Miguel Ceara, Dar\u00edo Castillo y Gloria Reyes.<\/p>\n\n\n\n<p>Una segunda comisi\u00f3n tambi\u00e9n fue designada para la evaluaci\u00f3n del personal que integrar\u00e1 el nuevo Gobierno y una tercera de actos y protocolos. \u00abEstamos organizando todo para que sea un traspaso de mando en orden\u00bb. \u00abQue la econom\u00eda pueda normalizarse\u00bb, dijo Abinader.<\/p>\n","protected":false},"excerpt":{"rendered":"<p>El presidente electo Luis Abinader anunci\u00f3 la designaci\u00f3n de Lisandro Macarrulla como Ministro de la Presidencia de la Rep\u00fablica Dominicana. El mandatario electo dijo que Macarrulla ya est\u00e1 coordinando la comisi\u00f3n t\u00e9cnica de transici\u00f3n gubernamental, con reuniones con su hom\u00f3logo, Gustavo Montalvo. Lisandro Macarrulla fue presidente del Consejo Nacional de la Empresa Privada y ha [&hellip;]<\/p>\n","protected":false},"author":44079,"featured_media":71207,"comment_status":"open","ping_status":"open","sticky":false,"template":"","format":"standard","meta":{"footnotes":""},"categories":[44],"tags":[],"class_list":["post-71206","post","type-post","status-publish","format-standard","has-post-thumbnail","hentry","category-republica-dominicana"],"_links":{"self":[{"href":"https:\/\/2horizontes.com\/index.php?rest_route=\/wp\/v2\/posts\/71206","targetHints":{"allow":["GET"]}}],"collection":[{"href":"https:\/\/2horizontes.com\/index.php?rest_route=\/wp\/v2\/posts"}],"about":[{"href":"https:\/\/2horizontes.com\/index.php?rest_route=\/wp\/v2\/types\/post"}],"author":[{"embeddable":true,"href":"https:\/\/2horizontes.com\/index.php?rest_route=\/wp\/v2\/users\/44079"}],"replies":[{"embeddable":true,"href":"https:\/\/2horizontes.com\/index.php?rest_route=%2Fwp%2Fv2%2Fcomments&post=71206"}],"version-history":[{"count":1,"href":"https:\/\/2horizontes.com\/index.php?rest_route=\/wp\/v2\/posts\/71206\/revisions"}],"predecessor-version":[{"id":71208,"href":"https:\/\/2horizontes.com\/index.php?rest_route=\/wp\/v2\/posts\/71206\/revisions\/71208"}],"wp:featuredmedia":[{"embeddable":true,"href":"https:\/\/2horizontes.com\/index.php?rest_route=\/wp\/v2\/media\/71207"}],"wp:attachment":[{"href":"https:\/\/2horizontes.com\/index.php?rest_route=%2Fwp%2Fv2%2Fmedia&parent=71206"}],"wp:term":[{"taxonomy":"category","embeddable":true,"href":"https:\/\/2horizontes.com\/index.php?rest_route=%2Fwp%2Fv2%2Fcategories&post=71206"},{"taxonomy":"post_tag","embeddable":true,"href":"https:\/\/2horizontes.com\/index.php?rest_route=%2Fwp%2Fv2%2Ftags&post=71206"}],"curies":[{"name":"wp","href":"https:\/\/api.w.org\/{rel}","templated":true}]}}