{"id":71184,"date":"2020-07-08T10:53:36","date_gmt":"2020-07-08T09:53:36","guid":{"rendered":"http:\/\/2horizontes.com\/?p=71184"},"modified":"2020-07-08T10:53:40","modified_gmt":"2020-07-08T09:53:40","slug":"latinoamerica-supera-a-ee-uu-y-europa-y-se-confirma-como-epicentro-de-pandemia","status":"publish","type":"post","link":"https:\/\/2horizontes.com\/?p=71184","title":{"rendered":"Latinoam\u00e9rica supera a EE.UU. y Europa y se confirma como epicentro de pandemia"},"content":{"rendered":"\n<p><strong>Latinoam\u00e9rica y el Caribe se confirmaron este martes como el epicentro global de la pandemia al alcanzar los 3 millones de contagios de coronavirus, superando a EE.UU. y a Europa, l<\/strong>o que pone cada vez m\u00e1s contra las cuerdas a una regi\u00f3n que tiene ya casi al tope la capacidad de sus sistemas de salud.<\/p>\n\n\n\n<p><strong>La Organizaci\u00f3n Mundial de la Salud (OMS) detall\u00f3 hoy que los casos de coronavirus superan los 11,5 millones en todo el planeta<\/strong>, mientras que la cifra de muertes asciende a unos 535,000.<\/p>\n\n\n\n<p>De ese total, A<strong>m\u00e9rica registra unos 6 millones de contagios &#8211; m\u00e1s del 50 % de ellos en Latinoam\u00e9rica- y unas 266,000 muertes;<\/strong>&nbsp;le sigue Europa, con 2,8 millones de casos y que hoy super\u00f3 la barrera de los 200,000 fallecidos.<\/p>\n\n\n\n<p><strong>LATINOAM\u00c9RICA: UNOS 3 MILLONES DE CASOS Y 130.000 MUERTES<\/strong><\/p>\n\n\n\n<p>Am\u00e9rica Latina, que ronda las 130,000 muertes por COVID-19, se convirti\u00f3 en la zona m\u00e1s afectada del mundo, al superar a EE.UU.\u00a0<strong>y a Europa en cantidad de contagiados, con unos 3 millones de casos, lo que representa m\u00e1s del 50 % del continente americano y un 26 % del total en el mundo.<\/strong><\/p>\n\n\n\n<p>\u00abHace dos meses, Estados Unidos representaba el 75 % de los casos de COVID-19 en la regi\u00f3n. Pero, la semana pasada, Am\u00e9rica Latina y el Caribe registraron m\u00e1s del 50% de los contagios. Solo Brasil inform\u00f3 alrededor de una cuarta parte de ellos\u00bb, alert\u00f3 hoy la directora de la Organizaci\u00f3n Panamericana de la Salud (OPS), Carissa Etienne.<\/p>\n\n\n\n<p><strong>Estados Unidos, sin embargo, sigue siendo el pa\u00eds m\u00e1s azotado por la pandemia, con 2,9 millones de infectados y 131.000 fallecidos, seguido de Brasil con 1,6 millones de contagiados,&nbsp;<\/strong>entre ellos el presidente Jair Bolsonaro, quien hoy dio positivo por el coronavirus, y 66,000 muertes.<\/p>\n\n\n\n<p><strong>Per\u00fa (unos 309,000 casos y m\u00e1s de 10,900 decesos), Chile (m\u00e1s de 300,000 contagiados y 6,400 muertos) y M\u00e9xico (unos 261.000 infecciones y 31.000 fallecidos)&nbsp;<\/strong>tambi\u00e9n se encuentran entre los diez pa\u00edses m\u00e1s afectados del mundo.<\/p>\n\n\n\n<p><strong>El director general de la OMS, Tedros Adhanom Ghebreyesus, subray\u00f3 hoy que la pandemia se est\u00e1 acelerando, como muestra el creciente n\u00famero de casos diarios,<\/strong>&nbsp;aunque se ha estabilizado su letalidad, ya que \u00abmuchos pa\u00edses han logrado reducir el n\u00famero de muertes\u00bb.<\/p>\n\n\n\n<p>De hecho, datos de las redes sanitarias nacionales indican que la cifra global de pacientes recuperados se acerca a los 6,8 millones, mientras que entre los casos activos un 1 % (menos de 58.000) se encuentran en estado grave o cr\u00edtico.<\/p>\n\n\n\n<p>En Am\u00e9rica, EE.UU. reporta m\u00e1s de 936,000 recuperados entre sus 2,9 millones de casos, un 31 %; mientras que en Latinoam\u00e9rica la cifra de personas que han superado la enfermedad es de 1,9 millones (alrededor del 60 % del total de contagios).<\/p>\n\n\n\n<p><strong>SE REDUCE LA CAPACIDAD DE RESPUESTA<\/strong><\/p>\n\n\n\n<p>La OPS record\u00f3 hoy que a\u00fan se sigue en la primera ola de la pandemia en el continente, pero con un fuerte repunte: solo la semana pasada hubo 735,000 casos nuevos, casi un 20 % m\u00e1s que la semana anterior.<\/p>\n\n\n\n<p>Al presentar estas cifras, el organismo expres\u00f3 inmensa preocupaci\u00f3n debido a que la COVID-19 est\u00e1 desplaz\u00e1ndose de grandes urbes con infraestructuras sanitarias fuertes a otras m\u00e1s peque\u00f1as y con menos recursos para afrontar la pandemia, lo que puede aumentar la mortalidad.<\/p>\n\n\n\n<p>A ello se suma que el personal sanitario contin\u00faa siendo muy vulnerable ante el virus debido a la falta de equipo de protecci\u00f3n personal y las malas condiciones laborales en medio de una creciente saturaci\u00f3n de la capacidad hospitalaria.<\/p>\n\n\n\n<p>Uno de esos casos se presenta en Rep\u00fablica Dominicana, que reporta m\u00e1s de 38,000 casos y 821 muertes y donde el n\u00famero de personas hospitalizadas por la COVID-19 se duplic\u00f3 en el \u00faltimo mes.<\/p>\n\n\n\n<p>Actualmente hay 1,047 pacientes de la COVID-19 hospitalizados, lo que ha elevado la tasa de la ocupaci\u00f3n de camas para pacientes del coronavirus hasta el 71 %. E incluso en zonas como Santiago de los Caballeros, la segunda mayor ciudad del pa\u00eds, ya est\u00e1 ocupado el 91 %.<\/p>\n\n\n\n<p>Una alarma similar se encendi\u00f3 en Per\u00fa, donde, a pesar de los esfuerzos del Gobierno por equipar velozmente a los centros de salud del pa\u00eds para atender la pandemia, la Defensor\u00eda del Pueblo advirti\u00f3 que no hay camas disponibles en los hospitales de la regi\u00f3n Hu\u00e1nuco, en la selva central del pa\u00eds.<\/p>\n\n\n\n<p>En el Hospital Integrado Santa Mar\u00eda del Valle de esa regi\u00f3n, diez camas de UCI est\u00e1n ocupadas y la \u00fanica restante no se usa porque no tiene ventilador mec\u00e1nico.<\/p>\n\n\n\n<p>En tanto, en Costa Rica, que reporta m\u00e1s de 5,400 casos y 23 fallecidos, las autoridades anunciaron este martes que el hospital dedicado exclusivamente a pacientes con esta enfermedad est\u00e1 a punto de saturarse, por lo cual est\u00e1 en marcha una estrategia de expansi\u00f3n de la capacidad de atenci\u00f3n.<\/p>\n\n\n\n<p>Un caso extremo se vive en Bolivia, que atraviesa su peor momento por la COVID-19, con escenas de muertos en la calle y enfermos rechazados en hospitales.<\/p>\n\n\n\n<p>La situaci\u00f3n es especialmente cr\u00edtica en regiones como Santa Cruz, la m\u00e1s poblada del pa\u00eds y que concentra la mayor\u00eda de los casos, o Cochabamba, donde en los \u00faltimos d\u00edas se han vuelto cotidianas las escenas de ata\u00fades en las calles.<\/p>\n\n\n\n<p>BOLSONARO, UNO DE LOS 1,6 MILLONES DE CONTAGIADOS EN BRASIL<\/p>\n\n\n\n<p>Durante la jornada Brasil se sacudi\u00f3 con la confirmaci\u00f3n de que el presidente Jair Bolsonaro, de 65 a\u00f1os y uno de los m\u00e1s esc\u00e9pticos del mundo sobre la gravedad del coronavirus, dio positivo por COVID-19.<\/p>\n\n\n\n<p>\u00abConfieso que cre\u00ed haberlo contra\u00eddo hace unos meses\u00bb, dijo el mandatario, quien agreg\u00f3 que se siente \u00abperfectamente bien\u00bb y que ya se trata con cloroquina, un antipal\u00fadico cuya eficacia contra el coronavirus defiende pese a las dudas que existen en la ciencia.<\/p>\n\n\n\n<p>Tras conocer el contagio del mandatario, el director de emergencias sanitarias de la Organizaci\u00f3n Mundial de la Salud (OMS), Mike Ryan, subray\u00f3 que esto demuestra que \u00abnadie es especial, todos estamos potencialmente expuestos y somos igualmente vulnerables\u00bb.<\/p>\n\n\n\n<p>La OMS aprovech\u00f3 el caso, adem\u00e1s, para recordar que la situaci\u00f3n es preocupante no solo en Brasil, \u00absino en toda Latinoam\u00e9rica, donde los casos y las muertes siguen en ascenso\u201d.<ins><\/ins><\/p>\n","protected":false},"excerpt":{"rendered":"<p>Latinoam\u00e9rica y el Caribe se confirmaron este martes como el epicentro global de la pandemia al alcanzar los 3 millones de contagios de coronavirus, superando a EE.UU. y a Europa, lo que pone cada vez m\u00e1s contra las cuerdas a una regi\u00f3n que tiene ya casi al tope la capacidad de sus sistemas de salud. [&hellip;]<\/p>\n","protected":false},"author":44079,"featured_media":70696,"comment_status":"open","ping_status":"open","sticky":false,"template":"","format":"standard","meta":{"footnotes":""},"categories":[50,47,40,44,48],"tags":[],"class_list":["post-71184","post","type-post","status-publish","format-standard","has-post-thumbnail","hentry","category-colombia","category-haiti","category-internacionales","category-republica-dominicana","category-venezuela"],"_links":{"self":[{"href":"https:\/\/2horizontes.com\/index.php?rest_route=\/wp\/v2\/posts\/71184","targetHints":{"allow":["GET"]}}],"collection":[{"href":"https:\/\/2horizontes.com\/index.php?rest_route=\/wp\/v2\/posts"}],"about":[{"href":"https:\/\/2horizontes.com\/index.php?rest_route=\/wp\/v2\/types\/post"}],"author":[{"embeddable":true,"href":"https:\/\/2horizontes.com\/index.php?rest_route=\/wp\/v2\/users\/44079"}],"replies":[{"embeddable":true,"href":"https:\/\/2horizontes.com\/index.php?rest_route=%2Fwp%2Fv2%2Fcomments&post=71184"}],"version-history":[{"count":1,"href":"https:\/\/2horizontes.com\/index.php?rest_route=\/wp\/v2\/posts\/71184\/revisions"}],"predecessor-version":[{"id":71185,"href":"https:\/\/2horizontes.com\/index.php?rest_route=\/wp\/v2\/posts\/71184\/revisions\/71185"}],"wp:featuredmedia":[{"embeddable":true,"href":"https:\/\/2horizontes.com\/index.php?rest_route=\/wp\/v2\/media\/70696"}],"wp:attachment":[{"href":"https:\/\/2horizontes.com\/index.php?rest_route=%2Fwp%2Fv2%2Fmedia&parent=71184"}],"wp:term":[{"taxonomy":"category","embeddable":true,"href":"https:\/\/2horizontes.com\/index.php?rest_route=%2Fwp%2Fv2%2Fcategories&post=71184"},{"taxonomy":"post_tag","embeddable":true,"href":"https:\/\/2horizontes.com\/index.php?rest_route=%2Fwp%2Fv2%2Ftags&post=71184"}],"curies":[{"name":"wp","href":"https:\/\/api.w.org\/{rel}","templated":true}]}}