{"id":71165,"date":"2020-07-06T15:58:53","date_gmt":"2020-07-06T14:58:53","guid":{"rendered":"http:\/\/2horizontes.com\/?p=71165"},"modified":"2020-07-06T15:58:54","modified_gmt":"2020-07-06T14:58:54","slug":"el-6-de-octubre-de-2019-punto-de-quiebre-en-la-historia-del-pld","status":"publish","type":"post","link":"https:\/\/2horizontes.com\/?p=71165","title":{"rendered":"El 6 de octubre de 2019: punto de quiebre en la historia del PLD"},"content":{"rendered":"\n<p>Con los resultados de las elecciones presidenciales y congresionales de este domingo,&nbsp;<strong>el 6 de octubre de 2019<\/strong>&nbsp;ser\u00e1 recordado como el punto de inflexi\u00f3n&#8230; o de quiebre, en la historia del Partido de la Liberaci\u00f3n Dominicano (PLD).<\/p>\n\n\n\n<p>En ese d\u00eda transcurrieron las elecciones primarias abiertas de esa organizaci\u00f3n pol\u00edtica, donde result\u00f3 elegido Gonzalo Castillo, quien fue seleccionado por la corriente danilista como el contrincante de&nbsp;<strong>Leonel Fern\u00e1ndez.<\/strong><\/p>\n\n\n\n<p>Se trata de un proyecto pol\u00edtico armado a vapor que primero venci\u00f3 a un grupo de seis aspirantes danilistas mediante encuestas, para en tan solo 27 d\u00edas enfrentarse a un hombre que hab\u00eda sido presidente de la Rep\u00fablica en tres ocasiones.<\/p>\n\n\n\n<p>Castillo&nbsp;<strong>obtuvo 48.72 %<\/strong>&nbsp;(911,923 votos) frente&nbsp;<strong>a 47.29 %&nbsp;<\/strong>(885,233 votos) del expresidente Leonel Fern\u00e1ndez.<\/p>\n\n\n\n<p>Lo que le sigui\u00f3 a la victoria de Gonzalo fueron dos semanas cargadas de acusaciones, insultos y alegaciones de fraude, hasta que el 21 de octubre mediante una alocuci\u00f3n al pa\u00eds, el expresidente Fern\u00e1ndez anunci\u00f3 que abandonaba el partido con el que fue tres veces presidente de la Rep\u00fablica.<\/p>\n\n\n\n<p><strong>La ruptura de Fern\u00e1ndez<\/strong>&nbsp;con la organizaci\u00f3n pol\u00edtica en la que milit\u00f3 por m\u00e1s de 46 a\u00f1os, sacudi\u00f3 fuertemente al partido oficialista, porque su salida fue acompa\u00f1ada con las de muchos otros miembros.<\/p>\n\n\n\n<p>Ese mismo d\u00eda el exmandatario inform\u00f3 a los dominicanos de sus nuevas aspiraciones pol\u00edticas, con la fundaci\u00f3n de la Fuerza del Pueblo (FP) y su intenci\u00f3n de postularse nuevamente como candidato presidencial.<\/p>\n\n\n\n<figure class=\"wp-block-image\"><img decoding=\"async\" src=\"https:\/\/images2.listindiario.com\/imagen\/2019\/07\/24\/575\/575282\/680x460\/201907240307371\/pld-entra-en-la-encrucijada-de-unirse-o-peligra-triunfo-en-2020.jpeg\" alt=\"\"\/><\/figure>\n\n\n\n<p>Desde entonces el partido verde con negro, que se convirti\u00f3 en la continuaci\u00f3n jur\u00eddica del Partido de los Trabajadores Dominicanos, comenz\u00f3 a fraguar una iniciativa electoral pensando en los comicios municipales que se ten\u00eda previsto se celebraran en febrero pero que, finalmente, tuvieron cita el 15 de marzo.<\/p>\n\n\n\n<p><strong>Los algoritmos<\/strong><\/p>\n\n\n\n<p>Durante su alocuci\u00f3n,&nbsp;<strong>Fern\u00e1ndez&nbsp;<\/strong>afirm\u00f3 que un reconocido hacker de nacionalidad hind\u00fa fue el perpetrador del supuesto fraude electoral de las elecciones primarias, que actu\u00f3 desde Casa de Campo en La Romana, en uno de los tres frentes de donde asever\u00f3 se origin\u00f3 el fraude, siendo los otros dos un per\u00edmetro establecido en la avenida Lincoln y un hotel en Punta Cana.<\/p>\n\n\n\n<p>Asimismo, asegur\u00f3 que hubo un incremento desproporcional en los votos para Castillo, a pesar de que al computarse el 90 por ciento de las mesas se hab\u00eda configurado una tendencia que lo proyectaba como ganador.<\/p>\n\n\n\n<p>Sobre el m\u00e9todo que fue utilizado, Fern\u00e1ndez indic\u00f3 que se instal\u00f3 un algoritmo en los equipos de la Junta Central Electoral (JCE) para \u201cdesvirtuar la voluntad popular\u201d.<\/p>\n\n\n\n<p>&nbsp;\u201cS\u00f3lo faltando por computar el 10 por ciento de las mesas o 200,000 votos, sobre el mill\u00f3n 600 mil que ya se hab\u00edan computado, se produjo el fen\u00f3meno que ha dejado a destacados especialistas de la ciencia de la data y de las estad\u00edsticas en estado de desconcierto\u201d, dijo.<\/p>\n\n\n\n<p><strong>Respuesta<\/strong><\/p>\n\n\n\n<p>Poco tiempo despu\u00e9s del discurso de Leonel, el presidente de la Rep\u00fablica Danilo Medina realiz\u00f3 el suyo, en el que neg\u00f3 las denuncias del expresidente.<\/p>\n\n\n\n<p>De igual forma, asegur\u00f3 que Fern\u00e1ndez no tiene forma de ganar los pr\u00f3ximos comicios, subrayando que nada lo librar\u00e1 de la \u201cpela\u201d que lo esperaba ese d\u00eda.<\/p>\n\n\n\n<p>Desde entonces el PLD ha caminado dividido en la que ha sido, sin quiz\u00e1s, la crisis pol\u00edtica m\u00e1s importante que haya vivido esa organizaci\u00f3n pol\u00edtica desde su fundaci\u00f3n.<\/p>\n\n\n\n<p><strong>Sus otras graves crisis<\/strong><\/p>\n\n\n\n<p>La primera gran crisis interna que estremeci\u00f3&nbsp;<strong>al PLD de Bosch&nbsp;<\/strong>coincidi\u00f3 con el triunfo electoral de su archirrival, el PRD, del que hab\u00edan nacido en el a\u00f1o 1973. En el 78 gan\u00f3 la presidencia de la Rep\u00fablica \u201cel partido del jacho prendido\u201d. Entonces en el PLD se produjo una rebeli\u00f3n de tal magnitud que el l\u00edder se vio precisado a pedir poderes especiales al Comit\u00e9 Pol\u00edtico y se produjo la renuncia de su secretario general, Antonio Abreu, y un grupo de dirigentes.<\/p>\n\n\n\n<p>En ese momento se desat\u00f3 una ola de exigencias de cambios de los m\u00e9todos de trabajo y funcionamientos de los organismos, que en los casos de los comit\u00e9s intermedios Francisco Alberto Caama\u00f1o y Rafael Fern\u00e1ndez Dom\u00ednguez, se tornaron violentos. Esta situaci\u00f3n se agrav\u00f3 con el desorden existente alrededor de la venta del peri\u00f3dico Vanguardia del Pueblo, cuyos responsables no saldaban las deudas correspondientes y llevaron el \u00f3rgano a un callej\u00f3n sin salida.<\/p>\n\n\n\n<p>Debido a la magnitud de la situaci\u00f3n, Bosch se vio precisado a solicitar al Comit\u00e9 Pol\u00edtico poderes para dirigir los trabajos del partido hasta que se celebrara el Primer Congreso, convocando previamente la Conferencia Ho Chi Ming los d\u00edas 12 y 13 de agosto, para debatir y corregir sus debilidades estructurales. El Primer Congreso se inici\u00f3 en noviembre de 1978, adoptando el nombre de Narpier D\u00edaz Gonz\u00e1lez y la consigna: \u201cQue las bases decidan\u201d.<\/p>\n\n\n\n<p><strong>La segunda<\/strong><\/p>\n\n\n\n<p>Luego de las elecciones de 1982 volvieron a vivir una situaci\u00f3n similar. El partido morado enfrent\u00f3 su segunda gran convulsi\u00f3n y Bosch present\u00f3 renuncia como presidente del partido. En medio de este incierto panorama lleg\u00f3 la fecha del segundo congreso interno de la organizaci\u00f3n, donde se apoyaron los m\u00e9todos de trabajo y la disciplina.<\/p>\n\n\n\n<p>La crisis que amenaz\u00f3 la unidad interna gener\u00f3 luego la expulsi\u00f3n de Rafael Alburquerque, quien luego fue vicepresidente del pa\u00eds con Leonel Fern\u00e1ndez, y otro grupo de dirigentes. Tambi\u00e9n se procedi\u00f3 a la elecci\u00f3n de Lidio Cadet como secretario general.<\/p>\n\n\n\n<p>La segunda gran crisis por la que atraves\u00f3 el partido morado fue precedida por la victoria electoral del PRD (Salvador Jorge Blanco) en 1982, cuando Bosch, acompa\u00f1ado por Rafael Alburquerque, particip\u00f3 como candidato y una vez conocida la convincente victoria perrede\u00edsta tuvo que enfrascarse en una serie de explicaciones a sus militantes del papel jugado por su partido en ese proceso y de c\u00f3mo \u201cse ganaba perdiendo\u201d.<\/p>\n\n\n\n<p>Fuente: List\u00edn Diario. <\/p>\n","protected":false},"excerpt":{"rendered":"<p>Con los resultados de las elecciones presidenciales y congresionales de este domingo,&nbsp;el 6 de octubre de 2019&nbsp;ser\u00e1 recordado como el punto de inflexi\u00f3n&#8230; o de quiebre, en la historia del Partido de la Liberaci\u00f3n Dominicano (PLD). En ese d\u00eda transcurrieron las elecciones primarias abiertas de esa organizaci\u00f3n pol\u00edtica, donde result\u00f3 elegido Gonzalo Castillo, quien fue [&hellip;]<\/p>\n","protected":false},"author":44079,"featured_media":71166,"comment_status":"open","ping_status":"open","sticky":false,"template":"","format":"standard","meta":{"footnotes":""},"categories":[43,44],"tags":[],"class_list":["post-71165","post","type-post","status-publish","format-standard","has-post-thumbnail","hentry","category-politica","category-republica-dominicana"],"_links":{"self":[{"href":"https:\/\/2horizontes.com\/index.php?rest_route=\/wp\/v2\/posts\/71165","targetHints":{"allow":["GET"]}}],"collection":[{"href":"https:\/\/2horizontes.com\/index.php?rest_route=\/wp\/v2\/posts"}],"about":[{"href":"https:\/\/2horizontes.com\/index.php?rest_route=\/wp\/v2\/types\/post"}],"author":[{"embeddable":true,"href":"https:\/\/2horizontes.com\/index.php?rest_route=\/wp\/v2\/users\/44079"}],"replies":[{"embeddable":true,"href":"https:\/\/2horizontes.com\/index.php?rest_route=%2Fwp%2Fv2%2Fcomments&post=71165"}],"version-history":[{"count":1,"href":"https:\/\/2horizontes.com\/index.php?rest_route=\/wp\/v2\/posts\/71165\/revisions"}],"predecessor-version":[{"id":71167,"href":"https:\/\/2horizontes.com\/index.php?rest_route=\/wp\/v2\/posts\/71165\/revisions\/71167"}],"wp:featuredmedia":[{"embeddable":true,"href":"https:\/\/2horizontes.com\/index.php?rest_route=\/wp\/v2\/media\/71166"}],"wp:attachment":[{"href":"https:\/\/2horizontes.com\/index.php?rest_route=%2Fwp%2Fv2%2Fmedia&parent=71165"}],"wp:term":[{"taxonomy":"category","embeddable":true,"href":"https:\/\/2horizontes.com\/index.php?rest_route=%2Fwp%2Fv2%2Fcategories&post=71165"},{"taxonomy":"post_tag","embeddable":true,"href":"https:\/\/2horizontes.com\/index.php?rest_route=%2Fwp%2Fv2%2Ftags&post=71165"}],"curies":[{"name":"wp","href":"https:\/\/api.w.org\/{rel}","templated":true}]}}