{"id":71143,"date":"2020-07-04T11:57:14","date_gmt":"2020-07-04T10:57:14","guid":{"rendered":"http:\/\/2horizontes.com\/?p=71143"},"modified":"2020-07-04T11:57:19","modified_gmt":"2020-07-04T10:57:19","slug":"republica-dominicana-larga-fila-y-angustia-entre-los-que-van-por-pruebas-de-covid-19-al-defillo","status":"publish","type":"post","link":"https:\/\/2horizontes.com\/?p=71143","title":{"rendered":"Rep\u00fablica Dominicana: Larga fila y angustia entre los que van por pruebas de covid-19 al Defill\u00f3"},"content":{"rendered":"\n<p>Cada d\u00eda las filas de ciu\u00addadanos que buscan sus resultados o realizarse la prueba diagn\u00f3stica de Co\u00advid-19 en el Laboratorio Nacional Dr. Defill\u00f3 se in\u00adcrementan y las esperas se tornan largas y tediosas, sobre todo para aquellos con s\u00edntomas o buscan sa\u00adber si tienen o no el virus.<\/p>\n\n\n\n<p>Pese a la habilitaci\u00f3n de l\u00edneas y la instalaci\u00f3n de un cami\u00f3n para aumentar la capacidad instalada del centro, la demanda cada d\u00eda es mayor, present\u00e1n\u00ad dose grandes tumultos so\u00adbre todo en el \u00e1rea de en\u00adtrega de resultados de la prueba.<\/p>\n\n\n\n<p>Mientras en el sector pri\u00advado las dificultades de ac\u00adceso tambi\u00e9n se incremen\u00adtan. Con frecuencia se le responde a pacientes que solicitan el servicio que se le agotaron los insumos y que llamen luego.<\/p>\n\n\n\n<p>Hay casos en laborato\u00adrios privados en que al pa\u00adciente ni siquiera se le da opci\u00f3n de entrar en lista de espera. Luis vivi\u00f3 esa expe\u00adriencia con su padre de 72 a\u00f1os, quien presenta fie\u00adbre y le indicaron la prueba PCR para confirmar o des\u00adcartar el virus.<\/p>\n\n\n\n<p>Mientras que el retiro de resultados en el Labo\u00adratorio Nacional se convir\u00adti\u00f3 en una experiencia tor\u00adtuosa para Mar\u00eda, y cientos de personas m\u00e1s, quien el mi\u00e9rcoles pasado estuvo to\u00adda la ma\u00f1ana en turno es\u00adperando le fueran entrega\u00addos los resultados, que al final resultaron positivos. Pese a su dolor de cabeza, tuvo una espera de tres ho\u00adras y media, de pie y en me\u00addio de un candente sol.<\/p>\n\n\n\n<p>Esa misma experiencia vivieron ayer decenas de personas que tambi\u00e9n acu\u00addieron al centro en busca de toma de muestra o de entre\u00adga de resultados.<\/p>\n\n\n\n<p>Otros pacientes que se encontraban ayer en el cen\u00adtro en busca de resultados aseguran que esperan entre siete y 10 d\u00edas para saber si tienen el virus o no y que in\u00adcluso le dan un n\u00famero de una doctora que cuando lla\u00adman nunca encuentran res\u00adpuesta.<\/p>\n\n\n\n<p><strong>Con citas<\/strong><br>Pese a que durante varias semanas las personas no re\u00adquer\u00edan de citas para acce\u00adder a la prueba en el furg\u00f3n habilitado e instalado en la sede del Laboratorio Nacio\u00adnal, ayer no eran recibidas y se le dada un n\u00famero de te\u00adl\u00e9fono para que hicieran las citas por esa v\u00eda.<\/p>\n\n\n\n<p>List\u00edn Diario.<\/p>\n","protected":false},"excerpt":{"rendered":"<p>Cada d\u00eda las filas de ciu\u00addadanos que buscan sus resultados o realizarse la prueba diagn\u00f3stica de Co\u00advid-19 en el Laboratorio Nacional Dr. Defill\u00f3 se in\u00adcrementan y las esperas se tornan largas y tediosas, sobre todo para aquellos con s\u00edntomas o buscan sa\u00adber si tienen o no el virus. Pese a la habilitaci\u00f3n de l\u00edneas y [&hellip;]<\/p>\n","protected":false},"author":44079,"featured_media":71144,"comment_status":"open","ping_status":"open","sticky":false,"template":"","format":"standard","meta":{"footnotes":""},"categories":[44,45],"tags":[],"class_list":["post-71143","post","type-post","status-publish","format-standard","has-post-thumbnail","hentry","category-republica-dominicana","category-salud"],"_links":{"self":[{"href":"https:\/\/2horizontes.com\/index.php?rest_route=\/wp\/v2\/posts\/71143","targetHints":{"allow":["GET"]}}],"collection":[{"href":"https:\/\/2horizontes.com\/index.php?rest_route=\/wp\/v2\/posts"}],"about":[{"href":"https:\/\/2horizontes.com\/index.php?rest_route=\/wp\/v2\/types\/post"}],"author":[{"embeddable":true,"href":"https:\/\/2horizontes.com\/index.php?rest_route=\/wp\/v2\/users\/44079"}],"replies":[{"embeddable":true,"href":"https:\/\/2horizontes.com\/index.php?rest_route=%2Fwp%2Fv2%2Fcomments&post=71143"}],"version-history":[{"count":1,"href":"https:\/\/2horizontes.com\/index.php?rest_route=\/wp\/v2\/posts\/71143\/revisions"}],"predecessor-version":[{"id":71145,"href":"https:\/\/2horizontes.com\/index.php?rest_route=\/wp\/v2\/posts\/71143\/revisions\/71145"}],"wp:featuredmedia":[{"embeddable":true,"href":"https:\/\/2horizontes.com\/index.php?rest_route=\/wp\/v2\/media\/71144"}],"wp:attachment":[{"href":"https:\/\/2horizontes.com\/index.php?rest_route=%2Fwp%2Fv2%2Fmedia&parent=71143"}],"wp:term":[{"taxonomy":"category","embeddable":true,"href":"https:\/\/2horizontes.com\/index.php?rest_route=%2Fwp%2Fv2%2Fcategories&post=71143"},{"taxonomy":"post_tag","embeddable":true,"href":"https:\/\/2horizontes.com\/index.php?rest_route=%2Fwp%2Fv2%2Ftags&post=71143"}],"curies":[{"name":"wp","href":"https:\/\/api.w.org\/{rel}","templated":true}]}}