{"id":71130,"date":"2020-07-03T09:21:00","date_gmt":"2020-07-03T08:21:00","guid":{"rendered":"http:\/\/2horizontes.com\/?p=71130"},"modified":"2020-07-04T09:36:10","modified_gmt":"2020-07-04T08:36:10","slug":"mexico-acumula-245-251-casos-confirmados-de-coronavirus-y-se-acerca-a-los-30-000-muertos","status":"publish","type":"post","link":"https:\/\/2horizontes.com\/?p=71130","title":{"rendered":"M\u00e9xico acumula 245.251 casos confirmados de coronavirus y se acerca a los 30.000 muertos"},"content":{"rendered":"\n<p>M\u00e9xico registr\u00f3 6.740 nuevos contagios por coronavirus en un d\u00eda, para sumar un total de 245.251 casos confirmados desde el inicio de la pandemia, seg\u00fan inform\u00f3 la Secretar\u00eda de Salud.<\/p>\n\n\n\n<p>En la conferencia de prensa del viernes 3 de julio, las autoridades agregaron&nbsp;<strong>654 nuevos decesos a la base de datos<\/strong>, con lo que el n\u00famero de fallecimientos acumulados en el pa\u00eds latinoamericano ascendi\u00f3 a 29.843.<\/p>\n\n\n\n<p>Asimismo, la Secretar\u00eda de Salud est\u00e1 a la espera de recibir las pruebas de laboratorio de 2.169 defunciones, para determinar si ocurrieron a consecuencia de esta enfermedad.&nbsp;<\/p>\n\n\n\n<p>Del total de contagios acumulados, hay&nbsp;<strong>26.063 casos activos<\/strong>, es decir, personas que&nbsp;presentaron s\u00edntomas de la covid-19 en los \u00faltimos 14 d\u00edas.&nbsp;<\/p>\n\n\n\n<p>Hasta el viernes 3 de julio, M\u00e9xico&nbsp;<a rel=\"noreferrer noopener\" href=\"https:\/\/actualidad.rt.com\/actualidad\/358651-mexico-registrar-6741-nuevos-contagios-coronavirus\" target=\"_blank\">contabilizaba<\/a>&nbsp;238.511 casos confirmados de coronavirus y 29.189 defunciones.&nbsp;<\/p>\n\n\n\n<p>Fuente: RT.<\/p>\n","protected":false},"excerpt":{"rendered":"<p>M\u00e9xico registr\u00f3 6.740 nuevos contagios por coronavirus en un d\u00eda, para sumar un total de 245.251 casos confirmados desde el inicio de la pandemia, seg\u00fan inform\u00f3 la Secretar\u00eda de Salud. En la conferencia de prensa del viernes 3 de julio, las autoridades agregaron&nbsp;654 nuevos decesos a la base de datos, con lo que el n\u00famero [&hellip;]<\/p>\n","protected":false},"author":44079,"featured_media":71131,"comment_status":"open","ping_status":"open","sticky":false,"template":"","format":"standard","meta":{"footnotes":""},"categories":[40],"tags":[],"class_list":["post-71130","post","type-post","status-publish","format-standard","has-post-thumbnail","hentry","category-internacionales"],"_links":{"self":[{"href":"https:\/\/2horizontes.com\/index.php?rest_route=\/wp\/v2\/posts\/71130","targetHints":{"allow":["GET"]}}],"collection":[{"href":"https:\/\/2horizontes.com\/index.php?rest_route=\/wp\/v2\/posts"}],"about":[{"href":"https:\/\/2horizontes.com\/index.php?rest_route=\/wp\/v2\/types\/post"}],"author":[{"embeddable":true,"href":"https:\/\/2horizontes.com\/index.php?rest_route=\/wp\/v2\/users\/44079"}],"replies":[{"embeddable":true,"href":"https:\/\/2horizontes.com\/index.php?rest_route=%2Fwp%2Fv2%2Fcomments&post=71130"}],"version-history":[{"count":2,"href":"https:\/\/2horizontes.com\/index.php?rest_route=\/wp\/v2\/posts\/71130\/revisions"}],"predecessor-version":[{"id":71133,"href":"https:\/\/2horizontes.com\/index.php?rest_route=\/wp\/v2\/posts\/71130\/revisions\/71133"}],"wp:featuredmedia":[{"embeddable":true,"href":"https:\/\/2horizontes.com\/index.php?rest_route=\/wp\/v2\/media\/71131"}],"wp:attachment":[{"href":"https:\/\/2horizontes.com\/index.php?rest_route=%2Fwp%2Fv2%2Fmedia&parent=71130"}],"wp:term":[{"taxonomy":"category","embeddable":true,"href":"https:\/\/2horizontes.com\/index.php?rest_route=%2Fwp%2Fv2%2Fcategories&post=71130"},{"taxonomy":"post_tag","embeddable":true,"href":"https:\/\/2horizontes.com\/index.php?rest_route=%2Fwp%2Fv2%2Ftags&post=71130"}],"curies":[{"name":"wp","href":"https:\/\/api.w.org\/{rel}","templated":true}]}}