{"id":71097,"date":"2020-07-01T12:23:05","date_gmt":"2020-07-01T11:23:05","guid":{"rendered":"http:\/\/2horizontes.com\/?p=71097"},"modified":"2020-07-01T12:23:06","modified_gmt":"2020-07-01T11:23:06","slug":"republica-dominicana-abre-su-cielo-en-reapertura-del-turismo","status":"publish","type":"post","link":"https:\/\/2horizontes.com\/?p=71097","title":{"rendered":"Rep\u00fablica Dominicana: abre su cielo en reapertura del turismo"},"content":{"rendered":"\n<p>A partir de hoy, con la lle\u00adgada de los primeros tu\u00adristas por los distintos ae\u00adropuertos del pa\u00eds y la implementaci\u00f3n de un es\u00adtricto protocolo sanitario, el sector tur\u00edstico inicia el camino para recuperar su dinamismo y liderazgo en la regi\u00f3n, luego del cese de sus actividades por m\u00e1s de tres meses fruto de la ex\u00adpansi\u00f3n del COVID-19 en el pa\u00eds.<\/p>\n\n\n\n<p>LIST\u00cdN DIARIO confir\u00adm\u00f3 que este mi\u00e9rcoles lle\u00adgar\u00e1n al pa\u00eds 30 vuelos por los diferentes aeropuertos internacionales. Por Las Am\u00e9ricas est\u00e1n pautados 14 vuelos regulares.<\/p>\n\n\n\n<p>Por Punta Cana arriba\u00adr\u00e1n tres aeronaves, mien\u00adtras que en el Aeropuer\u00adto del Cibao se estima la llegada de 13 vuelos.Las operaciones del aero\u00adpuerto Gregorio Luper\u00f3n de Puerto Plata iniciar\u00e1n el 4 de julio con un vuelo dia\u00adrio a Nueva York y desde el d\u00eda 7 se agregar\u00e1 un vuelo diario a Miami.<\/p>\n\n\n\n<p>Con el cierre de las fron\u00adteras a\u00e9reas, mar\u00edtimas y terrestres, el pasado 20 de marzo, la ocupaci\u00f3n hote\u00adlera empez\u00f3 el declive de sus actividades afectando a m\u00e1s de 350,000 emplea\u00addos directos e indirectos que sustentaba la indus\u00adtria sin chimeneas.<\/p>\n\n\n\n<p>Asimismo, la ca\u00edda del turismo provoc\u00f3 que entre enero y abril el subsector Hoteles, Bares y Restau\u00adrantes registrara una dis\u00adminuci\u00f3n de 34.1% en su ritmo econ\u00f3mico, seg\u00fan las estad\u00edsticas del Banco Central.<\/p>\n\n\n\n<p>&nbsp;De igual modo, el sector agropecuario sufri\u00f3 gran\u00addes p\u00e9rdidas por el cierre de los hoteles, ya que la in\u00addustria tur\u00edstica adquir\u00eda de productores locales el 45% de sus insumos antes de la pandemia.<\/p>\n\n\n\n<p>En una exposici\u00f3n so\u00adbre la realidad del turismo, el empresario y presiden\u00adte del Grupo Puntacana, Frank Rainieri, afirm\u00f3 que en el 2019 los hoteleros compraron US$870 millo\u00adnes al sector agropecuario.<\/p>\n\n\n\n<p><strong>Habitaciones hoteleras<\/strong><\/p>\n\n\n\n<p>Seg\u00fan el vicepresidente eje\u00adcutivo de la Asociaci\u00f3n de Hoteles y Turismo de Rep\u00fa\u00adblica Dominicana (Asona\u00adhores), Andr\u00e9s Marranzini, las operaciones del sector iniciar\u00e1n solo con 30% de las habitaciones disponibles en el pa\u00eds y dependiendo de &nbsp;la demanda se ir\u00e1n reinte\u00adgrando m\u00e1s habitaciones.<\/p>\n\n\n\n<p>En la actualidad, el pa\u00eds cuenta con cerca de 90,000 habitaciones tur\u00edsticas, por lo que este mi\u00e9rcoles un es\u00adtimado de 27,000 habita\u00adciones son las que estar\u00e1n disponibles para los turistas. En la zona Este, el mayor polo tur\u00edstico del pa\u00eds, exis\u00adten unas 44,000 habitacio\u00adnes hoteleras, de las cuales alrededor de 13,200 ten\u00addr\u00e1n disponibilidad desde hoy.<\/p>\n\n\n\n<p><strong>P\u00e9rdida de ingresos<\/strong><\/p>\n\n\n\n<p>Frank Rainieri, al anali\u00adzar la situaci\u00f3n del sector a ra\u00edz del Covid-19, estim\u00f3 que entre marzo y mayo el aeropuerto de Punta Cana dej\u00f3 de recibir 600,000 tu\u00adristas, lo que implic\u00f3 p\u00e9rdi\u00addas superiores a los US$700 millones para el pa\u00eds, calculando&nbsp; un gasto promedio de US$1,200 por turista, citan\u00addo las cifras del Banco Cen\u00adtral.<\/p>\n\n\n\n<p>Agreg\u00f3 que tambi\u00e9n la producci\u00f3n de cemento se vio afectada por el cese de actividades en el sector tu\u00adr\u00edstico, puntualizando que el 15% de la producci\u00f3n de cemento del pa\u00eds es ab\u00adsorbida por la construc\u00adci\u00f3n de hoteles y vivien\u00addas en las zonas tur\u00edsticas.<\/p>\n\n\n\n<p><strong>Protocolo sanitario<\/strong><\/p>\n\n\n\n<p>Anoche a las 7:00 fue cuan\u00addo los hoteleros recibieron el protocolo general de las actividades tur\u00edsticas, don\u00adde se establecen las medi\u00addas por subsectores del tu\u00adrismo: hoteles, transporte tur\u00edstico, actividades fuera del hotel, restaurantes, ba\u00adres, casinos, entre otros.<\/p>\n\n\n\n<p>El documento que con\u00adtiene 40 p\u00e1ginas presenta los pasos a seguir para evi\u00adtar la propagaci\u00f3n del Co\u00advid-19 en el proceso de check-in, manejo de equi\u00adpaje, \u00e1reas comunes, uso de playas, piscinas, jacuzzis, eventos, ama de llaves y de\u00adm\u00e1s servicios de estableci\u00admientos como paradores, casas de hu\u00e9spedes, hosta\u00adles y propiedades de tiempo compartido.<\/p>\n\n\n\n<p>En los aeropuertos esta\u00adr\u00e1 prohibido el ingreso a las terminales de personas que no sean pasajeros, parte de la tripulaci\u00f3n de las aerona\u00adves o personal que labore en las instalaciones, tal co\u00admo lo manifiesta el \u201cProyec\u00adto de protocolo para reacti\u00advar los servicios a\u00e9reos en Rep\u00fablica Dominicana\u201d, elaborado por el pleno de la Junta de Aviaci\u00f3n Civil (JAC).<\/p>\n\n\n\n<p>&nbsp;El documento indica que solo en el caso de viajeros que necesiten asistencia es\u00adpecial o menores de edad, se permitir\u00e1 el ingreso de un acompa\u00f1ante a la termi\u00adnal.<\/p>\n\n\n\n<p>Aqu\u00ed se establece tam\u00adbi\u00e9n que las aerol\u00edneas organizar\u00e1n el proceso de embarque por grupos de 10 pasajeros, comenzan\u00addo con los de la parte tra\u00adsera del avi\u00f3n, mientras el resto esperar\u00e1 su tur\u00adno sentado o en un lugar habilitado para la espera, debidamente se\u00f1alizado, respetando la distancia de seguridad entre perso\u00adnas.<\/p>\n\n\n\n<p><strong>Los \u00e1nimos del sector<\/strong><\/p>\n\n\n\n<p>El presidente de la Asocia\u00adci\u00f3n de Hoteles de Santo Domingo, Roberto Henr\u00ed\u00adquez, mostr\u00f3 ayer su sa\u00adtisfacci\u00f3n por la apertura de los vuelos y de los ho\u00adteles.<\/p>\n\n\n\n<p>Santo Domingo es el cen\u00adtro del turismo de negocios, por lo que Henr\u00edquez conf\u00eda que los congresos y conven\u00adciones se reactivar\u00e1n dentro de poco y la capital domini\u00adcana seguir\u00e1 siendo recono\u00adcida por esas ofertas.<\/p>\n\n\n\n<p>En tanto, el presidente de la Asociaci\u00f3n de Hoteles del Este (Asoleste), Ernesto Ve\u00adloz, se siente tambi\u00e9n con optimismo porque los hote\u00adleros estaban desesperados porque reabrieran los aero\u00adpuertos y aunque los turis\u00adtas llegar\u00e1n poco a poco, ya el sector arranc\u00f3 su recupe\u00adraci\u00f3n.<\/p>\n\n\n\n<p><strong>&nbsp;CADENAS<br>Marcas<\/strong><\/p>\n\n\n\n<p>Algunas de las recono\u00adcidas marcas hoteleras que cerraron sus puer\u00adtas desde marzo por la pandemia en el pa\u00eds son Punta, AMResorts, Ba\u00adh\u00eda Pr\u00edncipe, Barcel\u00f3, Blue Diamond, Excellen\u00adce Collection, Meli\u00e1 Ho\u00adtels, Hard Rock, Iberos\u00adtar, Lopesan y Marriott.<\/p>\n\n\n\n<p>DemandaErnesto Veloz inform\u00f3 que cadenas que tengan cinco hoteles abrir\u00e1n so\u00adlo uno para empezar.<\/p>\n\n\n\n<p>Fuente: List\u00edn Diario. <\/p>\n","protected":false},"excerpt":{"rendered":"<p>A partir de hoy, con la lle\u00adgada de los primeros tu\u00adristas por los distintos ae\u00adropuertos del pa\u00eds y la implementaci\u00f3n de un es\u00adtricto protocolo sanitario, el sector tur\u00edstico inicia el camino para recuperar su dinamismo y liderazgo en la regi\u00f3n, luego del cese de sus actividades por m\u00e1s de tres meses fruto de la ex\u00adpansi\u00f3n [&hellip;]<\/p>\n","protected":false},"author":44079,"featured_media":70125,"comment_status":"open","ping_status":"open","sticky":false,"template":"","format":"standard","meta":{"footnotes":""},"categories":[40],"tags":[],"class_list":["post-71097","post","type-post","status-publish","format-standard","has-post-thumbnail","hentry","category-internacionales"],"_links":{"self":[{"href":"https:\/\/2horizontes.com\/index.php?rest_route=\/wp\/v2\/posts\/71097","targetHints":{"allow":["GET"]}}],"collection":[{"href":"https:\/\/2horizontes.com\/index.php?rest_route=\/wp\/v2\/posts"}],"about":[{"href":"https:\/\/2horizontes.com\/index.php?rest_route=\/wp\/v2\/types\/post"}],"author":[{"embeddable":true,"href":"https:\/\/2horizontes.com\/index.php?rest_route=\/wp\/v2\/users\/44079"}],"replies":[{"embeddable":true,"href":"https:\/\/2horizontes.com\/index.php?rest_route=%2Fwp%2Fv2%2Fcomments&post=71097"}],"version-history":[{"count":1,"href":"https:\/\/2horizontes.com\/index.php?rest_route=\/wp\/v2\/posts\/71097\/revisions"}],"predecessor-version":[{"id":71098,"href":"https:\/\/2horizontes.com\/index.php?rest_route=\/wp\/v2\/posts\/71097\/revisions\/71098"}],"wp:featuredmedia":[{"embeddable":true,"href":"https:\/\/2horizontes.com\/index.php?rest_route=\/wp\/v2\/media\/70125"}],"wp:attachment":[{"href":"https:\/\/2horizontes.com\/index.php?rest_route=%2Fwp%2Fv2%2Fmedia&parent=71097"}],"wp:term":[{"taxonomy":"category","embeddable":true,"href":"https:\/\/2horizontes.com\/index.php?rest_route=%2Fwp%2Fv2%2Fcategories&post=71097"},{"taxonomy":"post_tag","embeddable":true,"href":"https:\/\/2horizontes.com\/index.php?rest_route=%2Fwp%2Fv2%2Ftags&post=71097"}],"curies":[{"name":"wp","href":"https:\/\/api.w.org\/{rel}","templated":true}]}}