{"id":71087,"date":"2020-06-30T23:55:00","date_gmt":"2020-06-30T22:55:00","guid":{"rendered":"http:\/\/2horizontes.com\/?p=71087"},"modified":"2020-06-30T23:57:24","modified_gmt":"2020-06-30T22:57:24","slug":"roban-recursos-de-la-logistica-para-las-elecciones-en-santiago","status":"publish","type":"post","link":"https:\/\/2horizontes.com\/?p=71087","title":{"rendered":"Roban recursos de la log\u00edstica para las elecciones en Santiago"},"content":{"rendered":"\n<p>El presidente Junta Electoral de Santiago confirm\u00f3 que la noche del lunes se produjo un robo de los recursos para las operaciones de las elecciones del pr\u00f3ximo domingo 5 de julio.<\/p>\n\n\n\n<p>Haime Thomas Fr\u00edas Carela dijo que se est\u00e1n analizando si los detalles se dan aqu\u00ed en Santiago en una rueda de prensa a las 10:00 de la ma\u00f1ana, o si los da la JCE en la Capital.<\/p>\n\n\n\n<p>Se limit\u00f3 a confirmar la acci\u00f3n delictiva y no avanz\u00f3 el monto de lo sustra\u00eddo por los antisociales.<\/p>\n\n\n\n<p>Mientras que Laura Castellanos, encargada de comunicaciones de la JCE, al ser consultada refiri\u00f3 a la Junta Municipal de Santiago, para que su presidente Haime Thomas d\u00e9 las informaciones correspondientes.<\/p>\n\n\n\n<p>Fuente: List\u00edn Diario. <\/p>\n","protected":false},"excerpt":{"rendered":"<p>El presidente Junta Electoral de Santiago confirm\u00f3 que la noche del lunes se produjo un robo de los recursos para las operaciones de las elecciones del pr\u00f3ximo domingo 5 de julio. Haime Thomas Fr\u00edas Carela dijo que se est\u00e1n analizando si los detalles se dan aqu\u00ed en Santiago en una rueda de prensa a las [&hellip;]<\/p>\n","protected":false},"author":44079,"featured_media":71088,"comment_status":"open","ping_status":"open","sticky":false,"template":"","format":"standard","meta":{"footnotes":""},"categories":[43,44],"tags":[],"class_list":["post-71087","post","type-post","status-publish","format-standard","has-post-thumbnail","hentry","category-politica","category-republica-dominicana"],"_links":{"self":[{"href":"https:\/\/2horizontes.com\/index.php?rest_route=\/wp\/v2\/posts\/71087","targetHints":{"allow":["GET"]}}],"collection":[{"href":"https:\/\/2horizontes.com\/index.php?rest_route=\/wp\/v2\/posts"}],"about":[{"href":"https:\/\/2horizontes.com\/index.php?rest_route=\/wp\/v2\/types\/post"}],"author":[{"embeddable":true,"href":"https:\/\/2horizontes.com\/index.php?rest_route=\/wp\/v2\/users\/44079"}],"replies":[{"embeddable":true,"href":"https:\/\/2horizontes.com\/index.php?rest_route=%2Fwp%2Fv2%2Fcomments&post=71087"}],"version-history":[{"count":1,"href":"https:\/\/2horizontes.com\/index.php?rest_route=\/wp\/v2\/posts\/71087\/revisions"}],"predecessor-version":[{"id":71089,"href":"https:\/\/2horizontes.com\/index.php?rest_route=\/wp\/v2\/posts\/71087\/revisions\/71089"}],"wp:featuredmedia":[{"embeddable":true,"href":"https:\/\/2horizontes.com\/index.php?rest_route=\/wp\/v2\/media\/71088"}],"wp:attachment":[{"href":"https:\/\/2horizontes.com\/index.php?rest_route=%2Fwp%2Fv2%2Fmedia&parent=71087"}],"wp:term":[{"taxonomy":"category","embeddable":true,"href":"https:\/\/2horizontes.com\/index.php?rest_route=%2Fwp%2Fv2%2Fcategories&post=71087"},{"taxonomy":"post_tag","embeddable":true,"href":"https:\/\/2horizontes.com\/index.php?rest_route=%2Fwp%2Fv2%2Ftags&post=71087"}],"curies":[{"name":"wp","href":"https:\/\/api.w.org\/{rel}","templated":true}]}}