{"id":71083,"date":"2020-06-30T23:45:00","date_gmt":"2020-06-30T22:45:00","guid":{"rendered":"http:\/\/2horizontes.com\/?p=71083"},"modified":"2020-06-30T23:54:20","modified_gmt":"2020-06-30T22:54:20","slug":"lo-que-deben-hacer-los-dominicanos-que-se-quedaron-varados-en-ee-uu-por-la-pandemia","status":"publish","type":"post","link":"https:\/\/2horizontes.com\/?p=71083","title":{"rendered":"Lo que deben hacer los dominicanos que se quedaron varados en EE.UU. por la pandemia"},"content":{"rendered":"\n<p>A partir de este martes Rep\u00fablica Dominicana permite el ingreso de vuelos de distintas partes del mundo, lo que favorecer\u00e1 el turismo y a los dominicanos que quedaron varados en otros pa\u00edses por la pandemia, sobre todo en Estados Unidos.<\/p>\n\n\n\n<p>La recomendaci\u00f3n que hace el experto en migraci\u00f3n&nbsp;<strong>Roque Leonel Rodr\u00edguez<\/strong>&nbsp;es que los dominicanos que est\u00e1n como turistas comiencen a regresar a su pa\u00eds para evitar problemas futuros con su visado.<\/p>\n\n\n\n<p>Los que han permanecido en Estados Unidos,&nbsp;<strong>m\u00e1s de los 21 d\u00edas que es la estad\u00eda recomendada por Rodr\u00edguez<\/strong>&nbsp;para los turistas, no tendr\u00e1n penalidad pues se trat\u00f3 de una situaci\u00f3n de salud que impidi\u00f3 su regreso.<\/p>\n\n\n\n<p>Sin embargo, alerta que desde ya deben gestionar su regreso a&nbsp;<strong>Rep\u00fablica Dominicana<\/strong>, preferiblemente en el mes de julio.<\/p>\n\n\n\n<p>\u201cRecomiendo&nbsp; a todos los dominicanos varados&nbsp; a que regresen por lo menos en el mes de julio, pues si es en agosto se puede ver de manera impl\u00edcita que va a ser por otra raz\u00f3n y eso si le puede afectar su visa en el futuro, porque&nbsp;<strong>no tienen ninguna excusa<\/strong>&nbsp;y el gobierno americano es muy celoso de ese tipo de situaciones, no hay razones para que los extranjeros no abandone el territorio salvo que no encuentren vuelos\u201d.<\/p>\n\n\n\n<p><strong>No hay turismo para Estados Unidos por ahora<\/strong><\/p>\n\n\n\n<p>En cuanto a los dominicanos que quiere viajar, sobre todo a Europa y Estados Unidos, ambas naciones mantienen restricciones. En el caso de Uni\u00f3n Europea este martes dio a conocer que abrir\u00e1 sus fronteras desde ma\u00f1ana a 14 pa\u00edses considerados seguros en los que no est\u00e1n Rep\u00fablica Dominicana, Estados Unidos ni Brasil.<\/p>\n\n\n\n<p>Mientras que Estados Unidos mantiene las restricciones de viaje\u00a0 hasta el 30 de julio. \u201cMi proyecci\u00f3n, como van las cosas en Estados Unidos que arrecieron los casos de coronavirus,\u00a0 es que probablemente no est\u00e9 listo para recibir turistas para esa fecha\u2026\u00a0<strong>Los turistas dominicanos que se olviden de Estados Unidos\u00a0<\/strong>hasta que las condiciones sean favorables y lo anuncie formalmente que ser\u00e1n recibidos.<\/p>\n\n\n\n<p>Fuente: List\u00edn Diario. <\/p>\n","protected":false},"excerpt":{"rendered":"<p>A partir de este martes Rep\u00fablica Dominicana permite el ingreso de vuelos de distintas partes del mundo, lo que favorecer\u00e1 el turismo y a los dominicanos que quedaron varados en otros pa\u00edses por la pandemia, sobre todo en Estados Unidos. La recomendaci\u00f3n que hace el experto en migraci\u00f3n&nbsp;Roque Leonel Rodr\u00edguez&nbsp;es que los dominicanos que est\u00e1n [&hellip;]<\/p>\n","protected":false},"author":44079,"featured_media":71084,"comment_status":"open","ping_status":"open","sticky":false,"template":"","format":"standard","meta":{"footnotes":""},"categories":[40,44],"tags":[],"class_list":["post-71083","post","type-post","status-publish","format-standard","has-post-thumbnail","hentry","category-internacionales","category-republica-dominicana"],"_links":{"self":[{"href":"https:\/\/2horizontes.com\/index.php?rest_route=\/wp\/v2\/posts\/71083","targetHints":{"allow":["GET"]}}],"collection":[{"href":"https:\/\/2horizontes.com\/index.php?rest_route=\/wp\/v2\/posts"}],"about":[{"href":"https:\/\/2horizontes.com\/index.php?rest_route=\/wp\/v2\/types\/post"}],"author":[{"embeddable":true,"href":"https:\/\/2horizontes.com\/index.php?rest_route=\/wp\/v2\/users\/44079"}],"replies":[{"embeddable":true,"href":"https:\/\/2horizontes.com\/index.php?rest_route=%2Fwp%2Fv2%2Fcomments&post=71083"}],"version-history":[{"count":1,"href":"https:\/\/2horizontes.com\/index.php?rest_route=\/wp\/v2\/posts\/71083\/revisions"}],"predecessor-version":[{"id":71085,"href":"https:\/\/2horizontes.com\/index.php?rest_route=\/wp\/v2\/posts\/71083\/revisions\/71085"}],"wp:featuredmedia":[{"embeddable":true,"href":"https:\/\/2horizontes.com\/index.php?rest_route=\/wp\/v2\/media\/71084"}],"wp:attachment":[{"href":"https:\/\/2horizontes.com\/index.php?rest_route=%2Fwp%2Fv2%2Fmedia&parent=71083"}],"wp:term":[{"taxonomy":"category","embeddable":true,"href":"https:\/\/2horizontes.com\/index.php?rest_route=%2Fwp%2Fv2%2Fcategories&post=71083"},{"taxonomy":"post_tag","embeddable":true,"href":"https:\/\/2horizontes.com\/index.php?rest_route=%2Fwp%2Fv2%2Ftags&post=71083"}],"curies":[{"name":"wp","href":"https:\/\/api.w.org\/{rel}","templated":true}]}}