{"id":71079,"date":"2020-06-30T23:30:00","date_gmt":"2020-06-30T22:30:00","guid":{"rendered":"http:\/\/2horizontes.com\/?p=71079"},"modified":"2020-06-30T23:41:43","modified_gmt":"2020-06-30T22:41:43","slug":"industria-y-comercio-en-una-nueva-era","status":"publish","type":"post","link":"https:\/\/2horizontes.com\/?p=71079","title":{"rendered":"Industria y Comercio en una nueva era"},"content":{"rendered":"\n<p><strong>Por. Adolfo P\u00e9rez De Le\u00f3n<\/strong><\/p>\n\n\n\n<p><strong>Vicepresidente Nacional del PRM<\/strong><\/p>\n\n\n\n<p>La crisis sanitaria producida por el coronavirus ha comprometido las principales econom\u00edas del mundo. La Rep\u00fablica Dominicana no ha sido la excepci\u00f3n, de hecho, los pron\u00f3sticos m\u00e1s optimistas auguran crecimiento cero para la econom\u00eda durante el a\u00f1o 2020.<\/p>\n\n\n\n<p>El llamado \u201cGran Confinamiento\u201d y el contagio econ\u00f3mico se sumaron a un per\u00edodo cr\u00edtico para nuestro pa\u00eds. Al inicio del 2020, el turismo empezaba a reponerse de la embestida producida por una campa\u00f1a internacional de p\u00e1nico que quiso mancillar nuestra reputaci\u00f3n como destino.<\/p>\n\n\n\n<p>La crisis pol\u00edtica que desencadenaron las fallidas elecciones municipales de febrero de 2020, sumado a la pandemia, nos han mantenido bajo circunstancias extraordinarias y desafortunadas durante un cuatrimestre, situaci\u00f3n que podr\u00eda durar hasta agosto, cuando inicie la transici\u00f3n pol\u00edtica.<\/p>\n\n\n\n<p>El desenlace de la pandemia a\u00fan es incierto. Los rebrotes internacionales y dom\u00e9sticos amenazan con matizar la desescalada, convirti\u00e9ndola en un zigzagueo de pol\u00edticas p\u00fablicas de ensayo y error.<\/p>\n\n\n\n<p><strong>Reactivar el comercio<\/strong><\/p>\n\n\n\n<p>Estos factores del entorno ameritan idear acciones concretas para la industria y el comercio que permitan catalizar el rebote econ\u00f3mico.<\/p>\n\n\n\n<p>\u00bfC\u00f3mo podemos desencadenar todo el potencial productivo de la Rep\u00fablica Dominicana para maximizar el repunte econ\u00f3mico?<\/p>\n\n\n\n<p>Cuando hablo de \u201cpotencial productivo encadenado\u201d, me refiero a que, como econom\u00eda, siempre hemos crecido por debajo de nuestra capacidad.<\/p>\n\n\n\n<p>Hay muchos factores: (i) la corrupci\u00f3n administrativa, (ii) los niveles de desigualdad inducida, (iii) la burocracia y la tramitoman\u00eda, (iv) la incompetencia, (v) los tributos absurdos, y (vi) las profusas regulaciones costosas, que han servido de trabas para el buen funcionamiento de la econom\u00eda.<\/p>\n\n\n\n<p>De nada nos sirve tener un \u201cFerrari\u201d si no usamos todos esos caballos de fuerza. No podemos seguir desperdiciando potencial productivo.<\/p>\n\n\n\n<p>A continuaci\u00f3n, aporto algunos ejemplos puntuales de iniciativas productivas que se encuentran estancadas por la falta de pol\u00edticas p\u00fablicas efectivas.<\/p>\n\n\n\n<h1 class=\"wp-block-heading\"><strong>Mipymes + nuevas tecnolog\u00edas: Mipymtech<\/strong><\/h1>\n\n\n\n<p>La industria y el comercio pos-Covid-19 tiene que ser a prueba de pandemias y de desastres naturales. Por eso hay que reenfocar los modelos de negocio y las pol\u00edticas p\u00fablicas de fomento de las micro, peque\u00f1as y medianas empresas (Mipymes) para que puedan sobrevivir distintos tipos de desaf\u00edos.<\/p>\n\n\n\n<p>El nuevo emprendimiento deber ser multicolor. Debe ser verde: sostenible y equilibrado con el medioambiente. Rosa: priorizando los emprendimientos y la independencia econ\u00f3mica de las mujeres y grupos m\u00e1s vulnerables. Naranja: vinculado con la innovaci\u00f3n, la creatividad y la tecnolog\u00eda. Y blanco: libre de corrupci\u00f3n, informalidad, evasi\u00f3n tributaria y previsional.<\/p>\n\n\n\n<p>Otra dimensi\u00f3n que tiene que impregnar a las Mipymes es la tecnol\u00f3gica. Tenemos que pasar de fomentar Mipymes a fomentar Mipym-Tech: emprendimientos que por dise\u00f1o incorporen tecnolog\u00eda exportable, basados en modelos digitales y resilientes.<\/p>\n\n\n\n<p>Un enfoque Mipym-Tech tiene el potencial de impactar transversalmente a distintas industrias y sectores econ\u00f3micos. De la misma forma que hoy se habla de Fintech (servicios financieros), Proptech (empresas inmobiliarias y turismo), InsureTech (seguros), Agrotech (agricultura), etc.<\/p>\n\n\n\n<h1 class=\"wp-block-heading\"><strong>Garant\u00edas mobiliarias y acceso al cr\u00e9dito<\/strong><\/h1>\n\n\n\n<p>Muchos emprendedores tienen ideas innovadoras y prometedoras, pero no tienen dinero. En parte, esto ocurre porque los bancos y prestadores formarles tienen un sesgo a favor de las garant\u00edas inmobiliarias (hipotecas) al momento de prestar. S\u00f3lo un pu\u00f1ado de bancos se especializan en prestarles a las Mipymes. Tampoco en el pa\u00eds se han priorizado las salidas a bolsa con acciones de oferta p\u00fablica para las empresas tecnol\u00f3gicas o cuyo principal activo son las ideas.<\/p>\n\n\n\n<p>Para esto se promulg\u00f3 una anticipada Ley de Garant\u00edas Mobiliarias. Sin embargo, el gobierno no prioriz\u00f3 su implementaci\u00f3n. De hecho, la campa\u00f1a pol\u00edtica y la necesidad de asegurar otro mandato relegaron esta ley a un \u00faltimo plano, a pesar de que ahora se necesita m\u00e1s que nunca para reactivar la econom\u00eda.<\/p>\n\n\n\n<p>Esta ley y su reglamento de aplicaci\u00f3n son esenciales y ser\u00e1n una prioridad del gobierno del Cambio, tal y como ha anunciado nuestro candidato presidencial Luis Abinader.<\/p>\n\n\n\n<p><strong>\u00bfQu\u00e9 proponemos?<\/strong><\/p>\n\n\n\n<p>Priorizar y acelerar la implementaci\u00f3n del Sistema Electr\u00f3nico de Garant\u00edas Mobiliarias para que antes de que termine el a\u00f1o, los emprendedores puedan estar solicitando pr\u00e9stamos poniendo como garant\u00edas bienes muebles, para reactivar su capacidad productiva.<\/p>\n\n\n\n<h1 class=\"wp-block-heading\"><strong>Cooperar con las cooperativas<\/strong><\/h1>\n\n\n\n<p>El marco legal de las cooperativas tiene 56 a\u00f1os. Si ese marco legal fuera una persona estar\u00eda cerca de la edad de retiro. El sector cooperativista necesita de nuevas regulaciones que dinamicen esos modelos organizativos y permitan que las personas se asocien para realizar emprendimientos y transar con las propias cooperativas.<\/p>\n\n\n\n<p>Las iniciativas econ\u00f3micas populares son esenciales para el desarrollo del pa\u00eds. La econom\u00eda no puede demarcarse \u00fanicamente entre empresarios y trabajadores; productores y consumidores; como si fueran grupos con caracter\u00edsticas mutuamente excluyentes.<\/p>\n\n\n\n<p>Por eso, cuando se promueven las Mipymes, se deben fomentar las cooperativas y otras formas productivas de asociaci\u00f3n comunitaria que brinden acceso popular al trabajo, la producci\u00f3n, el consumo, el ahorro, y sobre todo al capital y la propiedad privada.<\/p>\n\n\n\n<p>Tengo plena convicci\u00f3n de que es posible que el dominicano no viva ajeno a la propiedad privada, ni dependiente de un empleo, sino que pueda aumentar su bienestar a trav\u00e9s de las distintas oportunidades que brindan el libre comercio y la iniciativa privada.<\/p>\n\n\n\n<p>En estos momentos cruciales e inciertos hay que activar estas \u2013 y otras v\u00e1lvulas \u2013 para utilizar todos los caballos de fuerza que est\u00e1n entrampados por la desidia regulatoria y la falta de pol\u00edticas p\u00fablicas certeras de fomento a la industria y el comercio.<\/p>\n","protected":false},"excerpt":{"rendered":"<p>Por. Adolfo P\u00e9rez De Le\u00f3n Vicepresidente Nacional del PRM La crisis sanitaria producida por el coronavirus ha comprometido las principales econom\u00edas del mundo. La Rep\u00fablica Dominicana no ha sido la excepci\u00f3n, de hecho, los pron\u00f3sticos m\u00e1s optimistas auguran crecimiento cero para la econom\u00eda durante el a\u00f1o 2020. El llamado \u201cGran Confinamiento\u201d y el contagio econ\u00f3mico [&hellip;]<\/p>\n","protected":false},"author":1,"featured_media":71080,"comment_status":"open","ping_status":"open","sticky":false,"template":"","format":"standard","meta":{"footnotes":""},"categories":[63,82,44],"tags":[],"class_list":["post-71079","post","type-post","status-publish","format-standard","has-post-thumbnail","hentry","category-economia","category-opinion","category-republica-dominicana"],"_links":{"self":[{"href":"https:\/\/2horizontes.com\/index.php?rest_route=\/wp\/v2\/posts\/71079","targetHints":{"allow":["GET"]}}],"collection":[{"href":"https:\/\/2horizontes.com\/index.php?rest_route=\/wp\/v2\/posts"}],"about":[{"href":"https:\/\/2horizontes.com\/index.php?rest_route=\/wp\/v2\/types\/post"}],"author":[{"embeddable":true,"href":"https:\/\/2horizontes.com\/index.php?rest_route=\/wp\/v2\/users\/1"}],"replies":[{"embeddable":true,"href":"https:\/\/2horizontes.com\/index.php?rest_route=%2Fwp%2Fv2%2Fcomments&post=71079"}],"version-history":[{"count":2,"href":"https:\/\/2horizontes.com\/index.php?rest_route=\/wp\/v2\/posts\/71079\/revisions"}],"predecessor-version":[{"id":71082,"href":"https:\/\/2horizontes.com\/index.php?rest_route=\/wp\/v2\/posts\/71079\/revisions\/71082"}],"wp:featuredmedia":[{"embeddable":true,"href":"https:\/\/2horizontes.com\/index.php?rest_route=\/wp\/v2\/media\/71080"}],"wp:attachment":[{"href":"https:\/\/2horizontes.com\/index.php?rest_route=%2Fwp%2Fv2%2Fmedia&parent=71079"}],"wp:term":[{"taxonomy":"category","embeddable":true,"href":"https:\/\/2horizontes.com\/index.php?rest_route=%2Fwp%2Fv2%2Fcategories&post=71079"},{"taxonomy":"post_tag","embeddable":true,"href":"https:\/\/2horizontes.com\/index.php?rest_route=%2Fwp%2Fv2%2Ftags&post=71079"}],"curies":[{"name":"wp","href":"https:\/\/api.w.org\/{rel}","templated":true}]}}