{"id":71067,"date":"2020-06-30T23:13:00","date_gmt":"2020-06-30T22:13:00","guid":{"rendered":"http:\/\/2horizontes.com\/?p=71067"},"modified":"2020-06-30T23:16:56","modified_gmt":"2020-06-30T22:16:56","slug":"dimite-ministro-de-educacion-de-brasil-por-falsedades-en-su-curriculo-cinco-dias-despues-de-ser-sido-designado","status":"publish","type":"post","link":"https:\/\/2horizontes.com\/?p=71067","title":{"rendered":"Dimite ministro de Educaci\u00f3n de Brasil POR falsedades en su curr\u00edculo, cinco d\u00edas despu\u00e9s de SER sido designado"},"content":{"rendered":"\n<p>El ministro de Educaci\u00f3n de Brasil, Carlos Alberto Decotelli, dimiti\u00f3 este martes a su cargo, apenas cinco d\u00edas despu\u00e9s que el presidente brasile\u00f1o,&nbsp;<a href=\"https:\/\/actualidad.rt.com\/rtpedia\/293723-jair-bolsonaro-nuevo-presidente-electo-brasil\" target=\"_blank\" rel=\"noreferrer noopener\">Jair Bolsonaro<\/a>, hiciera la&nbsp;<a href=\"https:\/\/actualidad.rt.com\/actualidad\/357860-bolsonaro-nombra-ministro-educacion-brasil\" target=\"_blank\" rel=\"noreferrer noopener\">designaci\u00f3n<\/a>.<\/p>\n\n\n\n<p>La renuncia se da tras revelarse falsedades en su curr\u00edculo. En concreto,&nbsp;<strong>fueron&nbsp;cuestionandos tres puntos de su plan de estudios<\/strong>: presunto plagio en la disertaci\u00f3n de una maestr\u00eda en la&nbsp;Funda\u00e7\u00e3o Get\u00falio Vargas (FGV); un doctorado en la Universidad Nacional de Rosario, Argentina, cuyo t\u00edtulo no habr\u00eda obtenido; y un posdoctorado en la Universidad de Wuppertal, Alemania, que no termin\u00f3.<\/p>\n\n\n\n<p>La Universidad Nacional de Rosario&nbsp;<a href=\"https:\/\/actualidad.rt.com\/actualidad\/358004-universidad-argentina-aclarar-ministro-doctorado\" target=\"_blank\" rel=\"noreferrer noopener\">desminti\u00f3<\/a>&nbsp;que Decotelli tuviera un doctorado de esa casa de estudios; asimismo,&nbsp;la Universidad de Wuppertal&nbsp;<a href=\"https:\/\/www1.folha.uol.com.br\/educacao\/2020\/06\/erros-no-curriculo-de-novo-ministro-ameacam-permanencia-e-posse-no-mec-fica-incerta.shtml\" target=\"_blank\" rel=\"noreferrer noopener\">neg\u00f3<\/a>&nbsp;la titulaci\u00f3n; y, en cuanto a la maestr\u00eda en la FGV, se estima que el ministro&nbsp;<a href=\"https:\/\/www1.folha.uol.com.br\/educacao\/2020\/06\/ministro-da-educacao-copiou-ao-menos-4-trechos-de-outras-teses-em-mestrado.shtml\" target=\"_blank\" rel=\"noreferrer noopener\">copi\u00f3<\/a>&nbsp;al menos&nbsp;<strong>cuatro extractos de otras tesis<\/strong>&nbsp;de maestr\u00edas para su trabajo final, seg\u00fan varias publicaciones hechas en Folha de S.Paulo.<\/p>\n\n\n\n<figure><iframe allowfullscreen=\"true\" class=\"\" src=\"https:\/\/platform.twitter.com\/embed\/index.html?dnt=false&amp;embedId=twitter-widget-0&amp;frame=false&amp;hideCard=false&amp;hideThread=false&amp;id=1276221599897845760&amp;lang=es&amp;origin=https%3A%2F%2Factualidad.rt.com%2Factualidad%2F358375-ministro-educacion-brasil-dimite-cinco-dias&amp;siteScreenName=ActualidadRT&amp;theme=light&amp;widgetsVersion=9066bb2%3A1593540614199&amp;width=550px\"><\/iframe><\/figure>\n\n\n\n<p>Las revelaciones se hicieron&nbsp;apenas Bolsonaro oficializ\u00f3&nbsp;el nombramiento el jueves pasado, que fue publicado en el Diario Oficial de la Uni\u00f3n. En su cuenta en Twitter,&nbsp;el mandatario destac\u00f3 los t\u00edtulos de Decotelli, tanto nacionales como internacionales, que luego fueron cuestionados.<\/p>\n\n\n\n<p>Debido a&nbsp;la pol\u00e9mica que se gener\u00f3 en torno a las falsedades de Decotelli,&nbsp;<strong>su toma de posesi\u00f3n del cargo no hab\u00eda sido llevada a cabo hasta ahora<\/strong>.<\/p>\n\n\n\n<p>Decotelli estuvo al frente del Fondo Nacional de Desarrollo Educativo (FNDE) entre febrero y agosto de&nbsp;2019, y despu\u00e9s pas\u00f3 a la&nbsp;Secretaria de Modalidades Especializadas dentro del Ministerio de Educaci\u00f3n.<\/p>\n\n\n\n<h3 class=\"wp-block-heading\">Esc\u00e1ndalos del predecesor&nbsp;<\/h3>\n\n\n\n<p>Con la nueva designaci\u00f3n, el nuevo ministro de Educaci\u00f3n sustitu\u00eda a&nbsp;Abraham Weintraub, quien estuvo en el cargo 14 meses y&nbsp;<a href=\"https:\/\/actualidad.rt.com\/actualidad\/357093-ministro-educacion-brasil-anuncia-dimision\" target=\"_blank\" rel=\"noreferrer noopener\">dimiti\u00f3<\/a>&nbsp;el 18 de junio.<\/p>\n\n\n\n<p>Su renuncia se produjo despu\u00e9s de la divulgaci\u00f3n de un video&nbsp;de una reuni\u00f3n ministerial, donde&nbsp;Weintraub defendi\u00f3 el arresto de miembros del&nbsp;Tribunal Supremo Federal, a quienes llam\u00f3 \u00abvagabundos\u00bb.<\/p>\n\n\n\n<p>Weintraub tambi\u00e9n protagoniz\u00f3 otro esc\u00e1ndalo, cuando&nbsp;<a rel=\"noreferrer noopener\" href=\"https:\/\/actualidad.rt.com\/actualidad\/349139-china-indignacion-brasil-coronavirus-plan-dominar-mundo\" target=\"_blank\">insinu\u00f3<\/a>&nbsp;que el coronavirus habr\u00eda sido producido en China, adrede,&nbsp;como \u00abun plan para dominar el mundo\u00bb.<\/p>\n\n\n\n<p>Fuente: RT. <\/p>\n","protected":false},"excerpt":{"rendered":"<p>El ministro de Educaci\u00f3n de Brasil, Carlos Alberto Decotelli, dimiti\u00f3 este martes a su cargo, apenas cinco d\u00edas despu\u00e9s que el presidente brasile\u00f1o,&nbsp;Jair Bolsonaro, hiciera la&nbsp;designaci\u00f3n. La renuncia se da tras revelarse falsedades en su curr\u00edculo. En concreto,&nbsp;fueron&nbsp;cuestionandos tres puntos de su plan de estudios: presunto plagio en la disertaci\u00f3n de una maestr\u00eda en la&nbsp;Funda\u00e7\u00e3o [&hellip;]<\/p>\n","protected":false},"author":44079,"featured_media":71068,"comment_status":"open","ping_status":"open","sticky":false,"template":"","format":"standard","meta":{"footnotes":""},"categories":[40,43],"tags":[],"class_list":["post-71067","post","type-post","status-publish","format-standard","has-post-thumbnail","hentry","category-internacionales","category-politica"],"_links":{"self":[{"href":"https:\/\/2horizontes.com\/index.php?rest_route=\/wp\/v2\/posts\/71067","targetHints":{"allow":["GET"]}}],"collection":[{"href":"https:\/\/2horizontes.com\/index.php?rest_route=\/wp\/v2\/posts"}],"about":[{"href":"https:\/\/2horizontes.com\/index.php?rest_route=\/wp\/v2\/types\/post"}],"author":[{"embeddable":true,"href":"https:\/\/2horizontes.com\/index.php?rest_route=\/wp\/v2\/users\/44079"}],"replies":[{"embeddable":true,"href":"https:\/\/2horizontes.com\/index.php?rest_route=%2Fwp%2Fv2%2Fcomments&post=71067"}],"version-history":[{"count":2,"href":"https:\/\/2horizontes.com\/index.php?rest_route=\/wp\/v2\/posts\/71067\/revisions"}],"predecessor-version":[{"id":71070,"href":"https:\/\/2horizontes.com\/index.php?rest_route=\/wp\/v2\/posts\/71067\/revisions\/71070"}],"wp:featuredmedia":[{"embeddable":true,"href":"https:\/\/2horizontes.com\/index.php?rest_route=\/wp\/v2\/media\/71068"}],"wp:attachment":[{"href":"https:\/\/2horizontes.com\/index.php?rest_route=%2Fwp%2Fv2%2Fmedia&parent=71067"}],"wp:term":[{"taxonomy":"category","embeddable":true,"href":"https:\/\/2horizontes.com\/index.php?rest_route=%2Fwp%2Fv2%2Fcategories&post=71067"},{"taxonomy":"post_tag","embeddable":true,"href":"https:\/\/2horizontes.com\/index.php?rest_route=%2Fwp%2Fv2%2Ftags&post=71067"}],"curies":[{"name":"wp","href":"https:\/\/api.w.org\/{rel}","templated":true}]}}