{"id":71050,"date":"2020-06-27T11:37:50","date_gmt":"2020-06-27T10:37:50","guid":{"rendered":"http:\/\/2horizontes.com\/?p=71050"},"modified":"2020-06-27T11:37:51","modified_gmt":"2020-06-27T10:37:51","slug":"luis-abinader-y-raquel-arbaje-son-declarados-libres-de-coronavirus-informan-sus-medicos","status":"publish","type":"post","link":"https:\/\/2horizontes.com\/?p=71050","title":{"rendered":"Luis Abinader y Raquel Arbaje son declarados libres de coronavirus, informan sus m\u00e9dicos"},"content":{"rendered":"\n<p>El candidato presidencial Luis Abinader y su esposa, Raquel Arbaje, fueron declarados recuperados del contagio de COVID-19, luego de que una segunda prueba PCR entregada este viernes diera resultado negativo, seg\u00fan informaron sus m\u00e9dicos en un comunicado de prensa esta tarde.<\/p>\n\n\n\n<p>El comunicado, a la firma de los doctores Victor Atallah, cardi\u00f3logo y su m\u00e9dico de cabecera; Miguel N\u00fa\u00f1ez, infectologo y Jos\u00e9 Miguel Stefan, neum\u00f3logo e intensivista, se\u00f1ala que ante la ausencia de s\u00edntomas y resultados de pruebas de anticuerpos que mostraban indicios de respuesta inmune que sugiere protecci\u00f3n (IgG),&nbsp;decidieron hacer pruebas de PCR a unos 14 d\u00edas \u00abdel inicio de s\u00edntomas en b\u00fasqueda de documentar el aclaramiento viral y la recuperaci\u00f3n mediante protocolo de 2 pruebas de PCR negativas consecutivas\u00bb.<\/p>\n\n\n\n<p>La primera de las pruebas dio \u201cNo detectado\u201d el 22 de junio (recibido el 23 de Junio) y la segunda el 24 de junio de 2020 (recibido el 25 de junio), completando el protocolo y estableciendo el diagnostico de \u201crecuperados\u201d para ambos, con las implicaciones y libertades que implica el mismo.<\/p>\n\n\n\n<p>\u00abA pesar de los pacientes sentirse en la casi totalidad de su capacidad y \u00e1nimo, recomendamos una incorporaci\u00f3n gradual a sus actividades a tolerancia\u00bb, se\u00f1ala el comunicado, difundido esta tarde.<\/p>\n\n\n\n<p>Fuente: List\u00edn Diario<br><\/p>\n","protected":false},"excerpt":{"rendered":"<p>El candidato presidencial Luis Abinader y su esposa, Raquel Arbaje, fueron declarados recuperados del contagio de COVID-19, luego de que una segunda prueba PCR entregada este viernes diera resultado negativo, seg\u00fan informaron sus m\u00e9dicos en un comunicado de prensa esta tarde. El comunicado, a la firma de los doctores Victor Atallah, cardi\u00f3logo y su m\u00e9dico [&hellip;]<\/p>\n","protected":false},"author":44079,"featured_media":71051,"comment_status":"open","ping_status":"open","sticky":false,"template":"","format":"standard","meta":{"footnotes":""},"categories":[40,43],"tags":[],"class_list":["post-71050","post","type-post","status-publish","format-standard","has-post-thumbnail","hentry","category-internacionales","category-politica"],"_links":{"self":[{"href":"https:\/\/2horizontes.com\/index.php?rest_route=\/wp\/v2\/posts\/71050","targetHints":{"allow":["GET"]}}],"collection":[{"href":"https:\/\/2horizontes.com\/index.php?rest_route=\/wp\/v2\/posts"}],"about":[{"href":"https:\/\/2horizontes.com\/index.php?rest_route=\/wp\/v2\/types\/post"}],"author":[{"embeddable":true,"href":"https:\/\/2horizontes.com\/index.php?rest_route=\/wp\/v2\/users\/44079"}],"replies":[{"embeddable":true,"href":"https:\/\/2horizontes.com\/index.php?rest_route=%2Fwp%2Fv2%2Fcomments&post=71050"}],"version-history":[{"count":1,"href":"https:\/\/2horizontes.com\/index.php?rest_route=\/wp\/v2\/posts\/71050\/revisions"}],"predecessor-version":[{"id":71052,"href":"https:\/\/2horizontes.com\/index.php?rest_route=\/wp\/v2\/posts\/71050\/revisions\/71052"}],"wp:featuredmedia":[{"embeddable":true,"href":"https:\/\/2horizontes.com\/index.php?rest_route=\/wp\/v2\/media\/71051"}],"wp:attachment":[{"href":"https:\/\/2horizontes.com\/index.php?rest_route=%2Fwp%2Fv2%2Fmedia&parent=71050"}],"wp:term":[{"taxonomy":"category","embeddable":true,"href":"https:\/\/2horizontes.com\/index.php?rest_route=%2Fwp%2Fv2%2Fcategories&post=71050"},{"taxonomy":"post_tag","embeddable":true,"href":"https:\/\/2horizontes.com\/index.php?rest_route=%2Fwp%2Fv2%2Ftags&post=71050"}],"curies":[{"name":"wp","href":"https:\/\/api.w.org\/{rel}","templated":true}]}}