{"id":71047,"date":"2020-06-27T11:33:53","date_gmt":"2020-06-27T10:33:53","guid":{"rendered":"http:\/\/2horizontes.com\/?p=71047"},"modified":"2020-06-27T11:33:55","modified_gmt":"2020-06-27T10:33:55","slug":"republica-dominicana-declararan-emergencia-de-salud-y-extension-de-ayudas-a-familias","status":"publish","type":"post","link":"https:\/\/2horizontes.com\/?p=71047","title":{"rendered":"Rep\u00fablica Dominicana: Declarar\u00e1n emergencia de salud y extensi\u00f3n de ayudas a familias"},"content":{"rendered":"\n<p>El presidente Danilo Me\u00addina dijo anoche que el pa\u00eds seguir\u00e1 enfrentando el coronavirus sin toque de queda, pero har\u00e1 una de\u00adclaratoria oficial de emer\u00adgencia sanitaria que ga\u00adrantizar\u00e1 el cumplimiento de las disposiciones esta\u00adblecidas por la Organiza\u00adci\u00f3n Mundial de la Salud (OMS)..<\/p>\n\n\n\n<p>Igualmente, el jefe del Estado dijo que conti\u00adnuar\u00e1 los esfuerzos pa\u00adra recuperar la econom\u00eda afectada por el Covid-19 comenzando con el turis\u00admo el pr\u00f3ximo mi\u00e9rcoles, seguir\u00e1 manteniendo los programas asistenciales hasta agosto y la realiza\u00adci\u00f3n de las elecciones, que estim\u00f3 cruciales.<\/p>\n\n\n\n<p><strong>Nueva emergencia<\/strong><br>En una alocuci\u00f3n que diri\u00adgi\u00f3 anoche al pa\u00eds, Medina explic\u00f3 que la emergencia ser\u00e1 emitida por el Minis\u00adterio de Salud en las pr\u00f3xi\u00admas horas, amparado en la Ley General de Salud, 42-01.<\/p>\n\n\n\n<p>\u201cEntendemos que esta es la forma adecuada pa\u00adra seguir avanzando en la apertura de las actividades econ\u00f3micas de forma or\u00addenada, sin poner en peli\u00adgro los avances que hemos logrado. Las resoluciones que tomar\u00e1 el Ministerio de Salud ser\u00e1n anuncia\u00addas en las pr\u00f3ximas horas y entendemos que son im\u00adprescindibles para preser\u00advar la vida y la salud de la poblaci\u00f3n, como es nues\u00adtra vocaci\u00f3n y responsabi\u00adlidad\u201d, dijo.<\/p>\n\n\n\n<p><strong>Nueva etapa<\/strong><br>Agreg\u00f3 que m\u00e1s all\u00e1 de es\u00adtas disposiciones, lo m\u00e1s importante en esta nue\u00adva etapa ser\u00e1, sin duda, la responsabilidad individual y familiar.<\/p>\n\n\n\n<p>\u201cAhora m\u00e1s que nunca, cada uno de nosotros de\u00adbe hacer conciencia y, en cada acci\u00f3n de nuestro d\u00eda a d\u00eda, tener en cuenta las consecuencias, tanto pa\u00adra su salud, como para la<\/p>\n\n\n\n<p>de los dem\u00e1s. No podemos dejarnos llevar por aque\u00adllos que de manera indo\u00adlente, porque conf\u00edan en su buena salud o simplemente por desconocimiento, igno\u00adran las recomendaciones. Cr\u00e9anme, no hay nadie in\u00admune a este virus. Y en es\u00adte tema solo sirve llevarse de la ciencia, de lo que est\u00e1 probado\u201d, expuso el man\u00addatario.<\/p>\n\n\n\n<p>Enfatiz\u00f3 a la ciudadan\u00eda que respeten las normas, que preserven la vida, que cuiden a los que m\u00e1s quie\u00adren, siguiendo la analo\u00adg\u00eda del conductor, a mane\u00adjar siempre con precauci\u00f3n y respetando las se\u00f1ales de tr\u00e1nsito.<\/p>\n\n\n\n<p>Pidi\u00f3 que ahora que el pa\u00eds entra en una nueva norma\u00adlidad, no echen todo lo lo\u00adgrado por la borda, que se sigan cuidando.<\/p>\n\n\n\n<p><strong>Extiende programas los sociales<\/strong><br>Medina manifest\u00f3 que el Gobierno seguir\u00e1 dando apoyo a las personas m\u00e1s necesitadas, y por ellos pro\u00adrrog\u00f3 nuevamente los pla\u00adnes sociales y de ayuda eco\u00adn\u00f3mica aprobados durante el periodo de emergencia.<\/p>\n\n\n\n<p>\u201cDe esta forma continuare\u00admos con el programa FASE I y FASE II, que apoya a las em\u00adpresas y que actualmente da cobertura a m\u00e1s de 866 mil empleados privados, el pro\u00adgrama Qu\u00e9date en Casa, que lleva ayuda a m\u00e1s de 1.5 mi\u00adllones de hogares, el progra\u00adma Pa Ti, que apoya a m\u00e1s de 200 mil trabajadores in\u00addependientes y, por supues\u00adto, los programas de ayuda alimentaria de la Presidencia que est\u00e1n llevando cientos de miles de raciones de alimen\u00adtos a todos los rincones del pa\u00eds, seguir\u00e1n entreg\u00e1ndose puntualmente a las familias dominicanas hasta el \u00faltimo d\u00eda de mi mandato como Pre\u00adsidente de la Rep\u00fablica\u201d, ase\u00adgur\u00f3 Medina.<\/p>\n\n\n\n<p><strong>Recuperaci\u00f3n econom\u00eda<\/strong><br>Medina expres\u00f3 que ante el hecho de que \u201ca\u00fan son mu\u00adchos los dominicanos y do\u00adminicanas que necesitan y esperan la reapertura de sus actividades para subsistir y, por supuesto, queremos ayudarlos a que as\u00ed sea\u201d.<\/p>\n\n\n\n<p>El gobernante se\u00f1al\u00f3 que en el sector tur\u00edstico \u201ccien\u00adtos de miles de empleos de\u00adpenden en nuestro pa\u00eds, di\u00adrecta o indirectamente, de esta actividad que ha su\u00adfrido fuertemente con la pandemia. Por eso, hemos planteado que comiencen paulatinamente a reanudar sus actividades desde el 1 de julio\u201d.<\/p>\n\n\n\n<p>Consider\u00f3 que esto traer\u00e1 alivio a muchas zonas del pa\u00eds que viven en gran parte del turismo, pero no estar\u00e1 exento de riesgos.<\/p>\n\n\n\n<p>\u201cPor eso, en este nuevo pro\u00adceso es imprescindible la solidaridad de todos y to\u00addas. Solidaridad que se ma\u00adnifiesta en el debido cum\u00adplimiento de las normas\u201d, apunt\u00f3 el mandatario.<\/p>\n\n\n\n<p>Dijo que a pesar del enor\u00adme esfuerzo presupuesta\u00adrio que la situaci\u00f3n supo\u00adne, porque se combina un descenso de los ingresos del Estado con un aumento de las erogaciones; \u201cnues\u00adtro Gobierno est\u00e1 actuando con la m\u00e1xima responsabi\u00adlidad. Por eso, estamos ga\u00adrantizando la disposici\u00f3n de fondos suficientes para que las autoridades entran\u00adtes cuenten con los recursos econ\u00f3micos necesarios para financiar el correcto funcio\u00adnamiento de las institucio\u00adnes y, adem\u00e1s, hacer frente a la situaci\u00f3n econ\u00f3mica y social\u201d agreg\u00f3.<\/p>\n\n\n\n<p>Pues en el presupuesto complementario que acaba de aprobar el Congreso Na\u00adcional, se autoriza al Poder Ejecutivo a utilizar instru\u00admentos financieros hasta un monto de 150,000 millones de pesos, para atender el gasto p\u00fablico que ocasiona esta crisis.<\/p>\n\n\n\n<p>\u201cNuestro Gobierno estar\u00e1 dejando a las nuevas auto\u00adridades que se juramenta\u00adr\u00e1n el 16 de agosto, m\u00e1s de 100,000 millones de pesos para que puedan atender las necesidades antes se\u00f1a\u00adladas\u201d, prometi\u00f3 Medina.<\/p>\n\n\n\n<p><strong>Las elecciones<\/strong><br>Medina dijo que la jornada electoral del 5 de julio ser\u00e1 un d\u00eda crucial para la vida institucional del pa\u00eds por\u00adque se elegir\u00e1 al presiden\u00adte de la Rep\u00fablica y a los representantes ante el Con\u00adgreso Nacional.<\/p>\n\n\n\n<p>\u201cSin duda, el impacto de la pandemia del coronavirus y todos los acontecimientos vividos en los \u00faltimos meses han hecho que esta sea una campa\u00f1a sin precedentes en nuestro pa\u00eds, en las que candidatos y simpatizantes de todos los partidos han debido adaptarse a las nue\u00advas circunstancias y buscar otras formas para hacer lle\u00adgar sus propuestas a la po\u00adblaci\u00f3n\u201d, manifest\u00f3 el go\u00adbernante.<\/p>\n\n\n\n<p>Afirm\u00f3 que por todo lo vi\u00advido en febrero y marzo, estas elecciones son \u201cespe\u00adcialmente relevantes pa\u00adra nuestra sociedad y para nuestro sistema democr\u00e1ti\u00adco\u201d.<\/p>\n\n\n\n<p>Se\u00f1al\u00f3 que cuando queda apenas una semana para el d\u00eda de la votaci\u00f3n, es impor\u00adtante \u201cque todos sigamos cumpliendo con nuestro de\u00adber y, de nuevo, actuemos con la m\u00e1xima responsabi\u00adlidad\u201d.<\/p>\n\n\n\n<p>Dijo que teniendo en cuen\u00adta que durante los pr\u00f3ximos d\u00edas podr\u00e1n realizarse acti\u00advidades proselitistas, \u201cquie\u00adro tambi\u00e9n hacer un llama\u00addo a todos los l\u00edderes y a toda la sociedad\u201d, para que hagan llegar su mensaje a los electores, pero \u201ccon las debidas precauciones, pen\u00adsando siempre primero en la salud, porque el virus no entiende de colores partida\u00adrios\u201d.<\/p>\n\n\n\n<p>pidi\u00f3 que el d\u00eda de las elec\u00adciones, \u201cactuemos de acuer\u00addo a las recomendaciones de la Junta Central Electo\u00adral, para que la jornada se desarrolle con normalidad y tranquilidad\u201d.<\/p>\n\n\n\n<p>Estim\u00f3 que el 5 de julio de\u00adbe convertirse en una fe\u00adcha que \u201crecordemos como ejemplo de nuestra madu\u00adrez democr\u00e1tica\u201d.<\/p>\n\n\n\n<p>Fuente: List\u00edn Diario. <\/p>\n","protected":false},"excerpt":{"rendered":"<p>El presidente Danilo Me\u00addina dijo anoche que el pa\u00eds seguir\u00e1 enfrentando el coronavirus sin toque de queda, pero har\u00e1 una de\u00adclaratoria oficial de emer\u00adgencia sanitaria que ga\u00adrantizar\u00e1 el cumplimiento de las disposiciones esta\u00adblecidas por la Organiza\u00adci\u00f3n Mundial de la Salud (OMS).. Igualmente, el jefe del Estado dijo que conti\u00adnuar\u00e1 los esfuerzos pa\u00adra recuperar la econom\u00eda [&hellip;]<\/p>\n","protected":false},"author":44079,"featured_media":71048,"comment_status":"open","ping_status":"open","sticky":false,"template":"","format":"standard","meta":{"footnotes":""},"categories":[43,44],"tags":[],"class_list":["post-71047","post","type-post","status-publish","format-standard","has-post-thumbnail","hentry","category-politica","category-republica-dominicana"],"_links":{"self":[{"href":"https:\/\/2horizontes.com\/index.php?rest_route=\/wp\/v2\/posts\/71047","targetHints":{"allow":["GET"]}}],"collection":[{"href":"https:\/\/2horizontes.com\/index.php?rest_route=\/wp\/v2\/posts"}],"about":[{"href":"https:\/\/2horizontes.com\/index.php?rest_route=\/wp\/v2\/types\/post"}],"author":[{"embeddable":true,"href":"https:\/\/2horizontes.com\/index.php?rest_route=\/wp\/v2\/users\/44079"}],"replies":[{"embeddable":true,"href":"https:\/\/2horizontes.com\/index.php?rest_route=%2Fwp%2Fv2%2Fcomments&post=71047"}],"version-history":[{"count":1,"href":"https:\/\/2horizontes.com\/index.php?rest_route=\/wp\/v2\/posts\/71047\/revisions"}],"predecessor-version":[{"id":71049,"href":"https:\/\/2horizontes.com\/index.php?rest_route=\/wp\/v2\/posts\/71047\/revisions\/71049"}],"wp:featuredmedia":[{"embeddable":true,"href":"https:\/\/2horizontes.com\/index.php?rest_route=\/wp\/v2\/media\/71048"}],"wp:attachment":[{"href":"https:\/\/2horizontes.com\/index.php?rest_route=%2Fwp%2Fv2%2Fmedia&parent=71047"}],"wp:term":[{"taxonomy":"category","embeddable":true,"href":"https:\/\/2horizontes.com\/index.php?rest_route=%2Fwp%2Fv2%2Fcategories&post=71047"},{"taxonomy":"post_tag","embeddable":true,"href":"https:\/\/2horizontes.com\/index.php?rest_route=%2Fwp%2Fv2%2Ftags&post=71047"}],"curies":[{"name":"wp","href":"https:\/\/api.w.org\/{rel}","templated":true}]}}