{"id":70959,"date":"2020-06-20T13:55:01","date_gmt":"2020-06-20T12:55:01","guid":{"rendered":"http:\/\/2horizontes.com\/?p=70959"},"modified":"2020-06-20T13:55:02","modified_gmt":"2020-06-20T12:55:02","slug":"brasil-supera-el-millon-de-casos-confirmados-de-coronavirus-y-acumula-48-954-muertes","status":"publish","type":"post","link":"https:\/\/2horizontes.com\/?p=70959","title":{"rendered":"Brasil supera el mill\u00f3n de casos confirmados de coronavirus y acumula 48.954 muertes"},"content":{"rendered":"\n<p>Este viernes 19 de junio, Brasil alcanz\u00f3 1.032.913 casos confirmados de coronavirus, al registrar 54.771 nuevos contagios en las \u00faltimas 24 horas, de acuerdo con el reporte m\u00e1s reciente del Ministerio de Salud.<\/p>\n\n\n\n<p>En un d\u00eda, el pa\u00eds suramericano\u00a0<a rel=\"noreferrer noopener\" href=\"https:\/\/covid.saude.gov.br\/\" target=\"_blank\">report\u00f3<\/a>\u00a01.206 fallecimientos por la covid-19, con lo que la cifra total de decesos desde el inicio de la pandemia del coronavirus se elev\u00f3 a 48.954.<\/p>\n\n\n\n<p>Brasil se mantiene como la segunda naci\u00f3n m\u00e1s afectada del mundo, solo detr\u00e1s de EE.UU., que acumula 2.215.587 casos confirmados y 118.967 muertes, seg\u00fan el&nbsp;<a href=\"https:\/\/coronavirus.jhu.edu\/map.html\" target=\"_blank\" rel=\"noreferrer noopener\">recuento<\/a>&nbsp;de la Universidad Johns Hopkins.&nbsp;<\/p>\n\n\n\n<p>De los contagios confirmados, las autoridades sanitarias brasile\u00f1as reportan&nbsp;<strong>507.200 casos recuperados de la covid-19<\/strong>, mientras que un total de 476.759 personas est\u00e1n bajo acompa\u00f1amiento.&nbsp;<\/p>\n\n\n\n<p>Hasta este d\u00eda, la&nbsp;<strong>letalidad por la covid-19<\/strong>&nbsp;en el territorio brasile\u00f1o&nbsp;es del&nbsp;<strong>4,7 %<\/strong>.&nbsp;&nbsp;<\/p>\n\n\n\n<p>El estado de&nbsp;<strong>Sao Paulo<\/strong>&nbsp;es el m\u00e1s afectado por la covid-19, al registrar&nbsp;<strong>211.658 contagios<\/strong>&nbsp;y 12.232 decesos. Le sigue&nbsp;<strong>R\u00edo de Janeiro<\/strong>, con&nbsp;<strong>93.378 positivos<\/strong>&nbsp;y 8.595 muertes.&nbsp;<\/p>\n\n\n\n<p>Cear\u00e1, en la regi\u00f3n nordeste de Brasil, es&nbsp;la tercer entidad del pa\u00eds con m\u00e1s casos confirmados (89.863) y fallecimientos (5.460).<\/p>\n\n\n\n<p>Pese a que el pico de la curva de contagios se estima en julio, algunas grandes ciudades ya han abierto gradualmente sus actividades, como R\u00edo de Janeiro y Sao Paulo. Hasta el jueves 18 de junio, el Ministerio de Salud\u00a0<a rel=\"noreferrer noopener\" href=\"https:\/\/covid.saude.gov.br\/\" target=\"_blank\">contabilizaba<\/a>\u00a0978.142 contagios\u00a0y 47.748 fallecidos.\u00a0<\/p>\n\n\n\n<p>Fuente: RT. <\/p>\n","protected":false},"excerpt":{"rendered":"<p>Este viernes 19 de junio, Brasil alcanz\u00f3 1.032.913 casos confirmados de coronavirus, al registrar 54.771 nuevos contagios en las \u00faltimas 24 horas, de acuerdo con el reporte m\u00e1s reciente del Ministerio de Salud. En un d\u00eda, el pa\u00eds suramericano\u00a0report\u00f3\u00a01.206 fallecimientos por la covid-19, con lo que la cifra total de decesos desde el inicio de [&hellip;]<\/p>\n","protected":false},"author":44079,"featured_media":70960,"comment_status":"open","ping_status":"open","sticky":false,"template":"","format":"standard","meta":{"footnotes":""},"categories":[40,45],"tags":[],"class_list":["post-70959","post","type-post","status-publish","format-standard","has-post-thumbnail","hentry","category-internacionales","category-salud"],"_links":{"self":[{"href":"https:\/\/2horizontes.com\/index.php?rest_route=\/wp\/v2\/posts\/70959","targetHints":{"allow":["GET"]}}],"collection":[{"href":"https:\/\/2horizontes.com\/index.php?rest_route=\/wp\/v2\/posts"}],"about":[{"href":"https:\/\/2horizontes.com\/index.php?rest_route=\/wp\/v2\/types\/post"}],"author":[{"embeddable":true,"href":"https:\/\/2horizontes.com\/index.php?rest_route=\/wp\/v2\/users\/44079"}],"replies":[{"embeddable":true,"href":"https:\/\/2horizontes.com\/index.php?rest_route=%2Fwp%2Fv2%2Fcomments&post=70959"}],"version-history":[{"count":1,"href":"https:\/\/2horizontes.com\/index.php?rest_route=\/wp\/v2\/posts\/70959\/revisions"}],"predecessor-version":[{"id":70961,"href":"https:\/\/2horizontes.com\/index.php?rest_route=\/wp\/v2\/posts\/70959\/revisions\/70961"}],"wp:featuredmedia":[{"embeddable":true,"href":"https:\/\/2horizontes.com\/index.php?rest_route=\/wp\/v2\/media\/70960"}],"wp:attachment":[{"href":"https:\/\/2horizontes.com\/index.php?rest_route=%2Fwp%2Fv2%2Fmedia&parent=70959"}],"wp:term":[{"taxonomy":"category","embeddable":true,"href":"https:\/\/2horizontes.com\/index.php?rest_route=%2Fwp%2Fv2%2Fcategories&post=70959"},{"taxonomy":"post_tag","embeddable":true,"href":"https:\/\/2horizontes.com\/index.php?rest_route=%2Fwp%2Fv2%2Ftags&post=70959"}],"curies":[{"name":"wp","href":"https:\/\/api.w.org\/{rel}","templated":true}]}}