{"id":70945,"date":"2020-06-19T21:07:47","date_gmt":"2020-06-19T20:07:47","guid":{"rendered":"http:\/\/2horizontes.com\/?p=70945"},"modified":"2020-06-19T21:07:48","modified_gmt":"2020-06-19T20:07:48","slug":"investigan-como-posible-ajuste-de-cuentas-tiroteo-que-dejo-dominicano-herido-en-madrid","status":"publish","type":"post","link":"https:\/\/2horizontes.com\/?p=70945","title":{"rendered":"Investigan como posible ajuste de cuentas tiroteo que dej\u00f3 dominicano herido en Madrid"},"content":{"rendered":"\n<p>El Grupo VI de Homicidios de la Jefatura Superior de la Polic\u00eda de Madrid investiga un posible ajuste de cuentas como m\u00f3vil del tiroteo registrado la tarde de este jueves en el madrile\u00f1o distrito de Villaverde, en el que result\u00f3 herido de bala un hombre de 45 a\u00f1os de origen dominicano, han informado a Europa Press fuentes policiales.<\/p>\n\n\n\n<p>Los hechos ocurrieron sobre las 7:00 PM a plena luz del d\u00eda a la altura del n\u00famero 25 de la calle Doctor Mart\u00edn Ar\u00e9valo. En ese lugar se produjo una pelea en la que la v\u00edctima sali\u00f3 corriendo. En ese momento el autor le dispar\u00f3 dos veces, impactando un tiro en la pierna, y huy\u00f3 del lugar.<\/p>\n\n\n\n<p>Hasta el lugar acudi\u00f3 una ambulancia del Samur-Protecci\u00f3n Civil, que han asistido al hombre, que presentaba una herida de arma de fuego en el muslo izquierdo. El disparo no le afect\u00f3 ni vasos sangu\u00edneos ni \u00f3rganos vitales, por lo que fue trasladado al Hospital 12 de Octubre de Madrid con pron\u00f3stico reservado pero no grave, inform\u00f3 a Europa Press un portavoz de Emergencias Madrid.<\/p>\n\n\n\n<p>La Polic\u00eda ha descartado en principio que se trate de una pelea entre bandas latinas, ya que lo investiga el Grupo de Homicidios y no la Brigada de Informaci\u00f3n. Ahora, investigan las c\u00e1maras de la zona para identificar al autor y si recibi\u00f3 ayuda de otras personas, ya que algunos testigos hablan de un coche todoterreno en el que se subi\u00f3 el agresor. La v\u00edctima no tiene antecedentes.<\/p>\n","protected":false},"excerpt":{"rendered":"<p>El Grupo VI de Homicidios de la Jefatura Superior de la Polic\u00eda de Madrid investiga un posible ajuste de cuentas como m\u00f3vil del tiroteo registrado la tarde de este jueves en el madrile\u00f1o distrito de Villaverde, en el que result\u00f3 herido de bala un hombre de 45 a\u00f1os de origen dominicano, han informado a Europa [&hellip;]<\/p>\n","protected":false},"author":44079,"featured_media":70946,"comment_status":"open","ping_status":"open","sticky":false,"template":"","format":"standard","meta":{"footnotes":""},"categories":[46],"tags":[],"class_list":["post-70945","post","type-post","status-publish","format-standard","has-post-thumbnail","hentry","category-dominicanos-en-madrid"],"_links":{"self":[{"href":"https:\/\/2horizontes.com\/index.php?rest_route=\/wp\/v2\/posts\/70945","targetHints":{"allow":["GET"]}}],"collection":[{"href":"https:\/\/2horizontes.com\/index.php?rest_route=\/wp\/v2\/posts"}],"about":[{"href":"https:\/\/2horizontes.com\/index.php?rest_route=\/wp\/v2\/types\/post"}],"author":[{"embeddable":true,"href":"https:\/\/2horizontes.com\/index.php?rest_route=\/wp\/v2\/users\/44079"}],"replies":[{"embeddable":true,"href":"https:\/\/2horizontes.com\/index.php?rest_route=%2Fwp%2Fv2%2Fcomments&post=70945"}],"version-history":[{"count":1,"href":"https:\/\/2horizontes.com\/index.php?rest_route=\/wp\/v2\/posts\/70945\/revisions"}],"predecessor-version":[{"id":70947,"href":"https:\/\/2horizontes.com\/index.php?rest_route=\/wp\/v2\/posts\/70945\/revisions\/70947"}],"wp:featuredmedia":[{"embeddable":true,"href":"https:\/\/2horizontes.com\/index.php?rest_route=\/wp\/v2\/media\/70946"}],"wp:attachment":[{"href":"https:\/\/2horizontes.com\/index.php?rest_route=%2Fwp%2Fv2%2Fmedia&parent=70945"}],"wp:term":[{"taxonomy":"category","embeddable":true,"href":"https:\/\/2horizontes.com\/index.php?rest_route=%2Fwp%2Fv2%2Fcategories&post=70945"},{"taxonomy":"post_tag","embeddable":true,"href":"https:\/\/2horizontes.com\/index.php?rest_route=%2Fwp%2Fv2%2Ftags&post=70945"}],"curies":[{"name":"wp","href":"https:\/\/api.w.org\/{rel}","templated":true}]}}