{"id":70933,"date":"2020-06-19T14:25:43","date_gmt":"2020-06-19T13:25:43","guid":{"rendered":"http:\/\/2horizontes.com\/?p=70933"},"modified":"2020-06-19T14:25:44","modified_gmt":"2020-06-19T13:25:44","slug":"fuerte-demanda-de-camas-en-hospitales-para-pacientes-con-covid-19","status":"publish","type":"post","link":"https:\/\/2horizontes.com\/?p=70933","title":{"rendered":"Fuerte demanda de camas en hospitales para pacientes con Covid-19"},"content":{"rendered":"\n<p>Una elevada ocupaci\u00f3n de camas de pacientes con Covid-19, que en ocasiones alcanza hasta el 100% de su capacidad, est\u00e1n reportando centros de salud p\u00fablicos y privados de Rep\u00fablica Dominicana, en momentos en que la epidemia mantiene a\u00fan una curva en ascenso.<\/p>\n\n\n\n<p>El porcentaje de ocupaci\u00f3n es mayor en centros de Santo Domingo y Santiago.<\/p>\n\n\n\n<p>El hospital General de la Plaza de la Salud (HGPS) inform\u00f3 ayer que tiene ocupaci\u00f3n del 100% de las 30 camas de hospitalizaci\u00f3n y 11 de cuidados intensivos de su pabell\u00f3n de COVID, as\u00ed como de otras \u00e1reas. Cedimat ten\u00eda ayer 35 pacientes ingresados y el \u00e1rea de emergencia abarrotada de pacientes.<\/p>\n\n\n\n<p>Situaci\u00f3n de alta ocupaci\u00f3n registran centros privados de Santiago, como la Cl\u00ednica Uni\u00f3n M\u00e9dica, que ayer manten\u00eda 55 pacientes ingresados, 10 en Cuidados Intensivos y dos en ventilaci\u00f3n.<\/p>\n\n\n\n<p>Mientras el HOMS, aunque ayer todav\u00eda ten\u00eda disponibilidad de camas y ventiladores, manten\u00eda 31 pacientes ingresados, seis en UCI y uno en ventilaci\u00f3n.<\/p>\n\n\n\n<p><strong>Hospitales P\u00fablicos<\/strong><\/p>\n\n\n\n<p>En la Red P\u00fablica los reportes que ofrece el Servicio Nacional de Salud (SNS) indican que en el Distrito Nacional y la provincia Santo Domingo el 75.3% de las camas de Cuidados Intensivos est\u00e1n ocupadas; el 45.6% de los ventiladores y el 56.6% de las camas de hospitalizaci\u00f3n de los centros COVID.<\/p>\n\n\n\n<p>A nivel nacional, los niveles de ocupaci\u00f3n son menores con un 37.3% de los ventiladores; el 63.0% de las camas de intensivos y el 23.4% de las camas de hospitalizaci\u00f3n.<\/p>\n\n\n\n<p><strong>Origen del coronavirus<\/strong><\/p>\n\n\n\n<p>La pandemia del Covid-19 que hoy se expande por todo el mundo irrumpi\u00f3 en Wuhan, China, en diciembre pasado, luego se extendi\u00f3 a Europa y lleg\u00f3 al pa\u00eds el 1\u00b0 de marzo.<\/p>\n\n\n\n<p>Fuente: List\u00edn Diario <\/p>\n","protected":false},"excerpt":{"rendered":"<p>Una elevada ocupaci\u00f3n de camas de pacientes con Covid-19, que en ocasiones alcanza hasta el 100% de su capacidad, est\u00e1n reportando centros de salud p\u00fablicos y privados de Rep\u00fablica Dominicana, en momentos en que la epidemia mantiene a\u00fan una curva en ascenso. El porcentaje de ocupaci\u00f3n es mayor en centros de Santo Domingo y Santiago. [&hellip;]<\/p>\n","protected":false},"author":44079,"featured_media":70607,"comment_status":"open","ping_status":"open","sticky":false,"template":"","format":"standard","meta":{"footnotes":""},"categories":[44,45],"tags":[],"class_list":["post-70933","post","type-post","status-publish","format-standard","has-post-thumbnail","hentry","category-republica-dominicana","category-salud"],"_links":{"self":[{"href":"https:\/\/2horizontes.com\/index.php?rest_route=\/wp\/v2\/posts\/70933","targetHints":{"allow":["GET"]}}],"collection":[{"href":"https:\/\/2horizontes.com\/index.php?rest_route=\/wp\/v2\/posts"}],"about":[{"href":"https:\/\/2horizontes.com\/index.php?rest_route=\/wp\/v2\/types\/post"}],"author":[{"embeddable":true,"href":"https:\/\/2horizontes.com\/index.php?rest_route=\/wp\/v2\/users\/44079"}],"replies":[{"embeddable":true,"href":"https:\/\/2horizontes.com\/index.php?rest_route=%2Fwp%2Fv2%2Fcomments&post=70933"}],"version-history":[{"count":1,"href":"https:\/\/2horizontes.com\/index.php?rest_route=\/wp\/v2\/posts\/70933\/revisions"}],"predecessor-version":[{"id":70934,"href":"https:\/\/2horizontes.com\/index.php?rest_route=\/wp\/v2\/posts\/70933\/revisions\/70934"}],"wp:featuredmedia":[{"embeddable":true,"href":"https:\/\/2horizontes.com\/index.php?rest_route=\/wp\/v2\/media\/70607"}],"wp:attachment":[{"href":"https:\/\/2horizontes.com\/index.php?rest_route=%2Fwp%2Fv2%2Fmedia&parent=70933"}],"wp:term":[{"taxonomy":"category","embeddable":true,"href":"https:\/\/2horizontes.com\/index.php?rest_route=%2Fwp%2Fv2%2Fcategories&post=70933"},{"taxonomy":"post_tag","embeddable":true,"href":"https:\/\/2horizontes.com\/index.php?rest_route=%2Fwp%2Fv2%2Ftags&post=70933"}],"curies":[{"name":"wp","href":"https:\/\/api.w.org\/{rel}","templated":true}]}}