{"id":70930,"date":"2020-06-19T13:54:02","date_gmt":"2020-06-19T12:54:02","guid":{"rendered":"http:\/\/2horizontes.com\/?p=70930"},"modified":"2020-06-19T14:22:03","modified_gmt":"2020-06-19T13:22:03","slug":"espana-actualiza-la-cifra-total-de-fallecidos-por-covid-19-a-28-313-y-anuncia-que-hay-otras-12-000-muertes-que-se-estan-analizando","status":"publish","type":"post","link":"https:\/\/2horizontes.com\/?p=70930","title":{"rendered":"Espa\u00f1a actualiza la cifra total de fallecidos por covid-19 a 28.313 y anuncia que hay otras 12.000 muertes que se est\u00e1n analizando"},"content":{"rendered":"\n<p>Este viernes el Ministerio de Sanidad de Espa\u00f1a ha actualizado la cifra global de muertes producidas con covid-19, que se sit\u00faa en 28.313 fallecimientos, 180 de ellos con fecha de defunci\u00f3n en los \u00faltimos 14 d\u00edas. El c\u00f3mputo ha sufrido&nbsp;<strong>un incremento de 1.177 defunciones<\/strong>&nbsp;con respecto al dato publicado hace 24 horas.<\/p>\n\n\n\n<p>La cifra permanec\u00eda\u00a0<strong>congelada desde hace semanas<\/strong>\u00a0debido a que Sanidad estaba depurando los datos e implementando un nuevo sistema de control de la epidemia. Seg\u00fan ha informado el portavoz t\u00e9cnico del Ministerio, Fernando Sim\u00f3n, a\u00fan quedar\u00edan alrededor de\u00a0<strong>12.000 muertes pendientes de ser analizadas<\/strong>.<\/p>\n\n\n\n<p>En la nueva cifra ofrecida&nbsp;<strong>no se incluyen los casos sospechosos<\/strong>&nbsp;que fallecieron con s\u00edntomas compatibles con la enfermedad pero a los que no les hicieron prueba PCR.<\/p>\n\n\n\n<p>Sim\u00f3n ha informado de que hay&nbsp;<strong>9 brotes activos en Espa\u00f1a,<\/strong>&nbsp;que afectan a 94 personas. Entre ellos se encuentra el que tiene su foco en una pensi\u00f3n de Algeciras (C\u00e1diz). Adem\u00e1s, en el \u00faltimo mes se han detectado 34 brotes, que han dado lugar a un total de&nbsp;928 casos.&nbsp;<strong>Nueve de ellos est\u00e1n relacionados con mataderos<\/strong>, mientras que otros lo han estado con temporeros, residencias de mayores, granjas y&nbsp;<strong>fiestas<\/strong>, as\u00ed como con un grupo de&nbsp;profesionales que viajaron a<strong>&nbsp;Lisboa<\/strong>&nbsp;por trabajo y se contagiaron en el \u00faltimo brote detectado en Portugal.<\/p>\n\n\n\n<p>Adem\u00e1s, se ha informado de que actualmente hay\u00a0<strong>1.994 pacientes con covid-19 hospitalizados<\/strong>, 312 de ellos en unidades de cuidados intensivos. En cuanto al n\u00famero de casos positivos de coronavirus, la cifra se sit\u00faa en torno a las 245.000 personas, 1.533 de los cuales se diagnosticaron en los \u00faltimos siete d\u00edas.\u00a0<\/p>\n\n\n\n<p>Fuente: RT. <\/p>\n","protected":false},"excerpt":{"rendered":"<p>Este viernes el Ministerio de Sanidad de Espa\u00f1a ha actualizado la cifra global de muertes producidas con covid-19, que se sit\u00faa en 28.313 fallecimientos, 180 de ellos con fecha de defunci\u00f3n en los \u00faltimos 14 d\u00edas. El c\u00f3mputo ha sufrido&nbsp;un incremento de 1.177 defunciones&nbsp;con respecto al dato publicado hace 24 horas. La cifra permanec\u00eda\u00a0congelada desde [&hellip;]<\/p>\n","protected":false},"author":44079,"featured_media":69678,"comment_status":"open","ping_status":"open","sticky":false,"template":"","format":"standard","meta":{"footnotes":""},"categories":[85],"tags":[],"class_list":["post-70930","post","type-post","status-publish","format-standard","has-post-thumbnail","hentry","category-espana"],"_links":{"self":[{"href":"https:\/\/2horizontes.com\/index.php?rest_route=\/wp\/v2\/posts\/70930","targetHints":{"allow":["GET"]}}],"collection":[{"href":"https:\/\/2horizontes.com\/index.php?rest_route=\/wp\/v2\/posts"}],"about":[{"href":"https:\/\/2horizontes.com\/index.php?rest_route=\/wp\/v2\/types\/post"}],"author":[{"embeddable":true,"href":"https:\/\/2horizontes.com\/index.php?rest_route=\/wp\/v2\/users\/44079"}],"replies":[{"embeddable":true,"href":"https:\/\/2horizontes.com\/index.php?rest_route=%2Fwp%2Fv2%2Fcomments&post=70930"}],"version-history":[{"count":2,"href":"https:\/\/2horizontes.com\/index.php?rest_route=\/wp\/v2\/posts\/70930\/revisions"}],"predecessor-version":[{"id":70932,"href":"https:\/\/2horizontes.com\/index.php?rest_route=\/wp\/v2\/posts\/70930\/revisions\/70932"}],"wp:featuredmedia":[{"embeddable":true,"href":"https:\/\/2horizontes.com\/index.php?rest_route=\/wp\/v2\/media\/69678"}],"wp:attachment":[{"href":"https:\/\/2horizontes.com\/index.php?rest_route=%2Fwp%2Fv2%2Fmedia&parent=70930"}],"wp:term":[{"taxonomy":"category","embeddable":true,"href":"https:\/\/2horizontes.com\/index.php?rest_route=%2Fwp%2Fv2%2Fcategories&post=70930"},{"taxonomy":"post_tag","embeddable":true,"href":"https:\/\/2horizontes.com\/index.php?rest_route=%2Fwp%2Fv2%2Ftags&post=70930"}],"curies":[{"name":"wp","href":"https:\/\/api.w.org\/{rel}","templated":true}]}}