{"id":70924,"date":"2020-06-18T20:19:21","date_gmt":"2020-06-18T19:19:21","guid":{"rendered":"http:\/\/2horizontes.com\/?p=70924"},"modified":"2020-06-18T20:19:23","modified_gmt":"2020-06-18T19:19:23","slug":"el-papa-no-tiene-previsto-ningun-viaje-en-2020","status":"publish","type":"post","link":"https:\/\/2horizontes.com\/?p=70924","title":{"rendered":"El papa no tiene previsto ning\u00fan viaje en 2020"},"content":{"rendered":"\n<p><strong>AFP<\/strong><strong>Ciudad del Vaticano<\/strong><\/p>\n\n\n\n<p>El&nbsp;<strong>papa Francisco<\/strong>&nbsp;no tiene previsto ning\u00fan viaje al extranjero este a\u00f1o, inform\u00f3 el Vaticano este jueves, ante el riesgo que representa la pandemia del coronavirus para el pont\u00edfice de 83 a\u00f1os.<\/p>\n\n\n\n<p>El papa argentino solo ten\u00eda previsto un viaje antes de que se declarara la pandemia, que golpe\u00f3 duramente a Italia y el Vaticano: era un viaje a Malta de un d\u00eda, a finales de mayo,&nbsp;<strong>que r\u00e1pidamente fue cancelado.<\/strong><\/p>\n\n\n\n<p>El papa hab\u00eda recibido invitaciones de Irak, Chipre, Indonesia y Montenegro. Tambi\u00e9n hab\u00eda expresado su inter\u00e9s en viajar a Sud\u00e1n del Sur, despu\u00e9s de haber participado personalmente en los esfuerzos diplom\u00e1tricos para acabar con la guerra civil en ese pa\u00eds africano.<\/p>\n\n\n\n<p>El portavoz del Vaticano,&nbsp;<strong>Matteo Bruni,<\/strong>&nbsp;explic\u00f3 a periodistas este jueves que ninguno de esos viajes va a realizarse a corto plazo.<\/p>\n","protected":false},"excerpt":{"rendered":"<p>AFPCiudad del Vaticano El&nbsp;papa Francisco&nbsp;no tiene previsto ning\u00fan viaje al extranjero este a\u00f1o, inform\u00f3 el Vaticano este jueves, ante el riesgo que representa la pandemia del coronavirus para el pont\u00edfice de 83 a\u00f1os. El papa argentino solo ten\u00eda previsto un viaje antes de que se declarara la pandemia, que golpe\u00f3 duramente a Italia y el [&hellip;]<\/p>\n","protected":false},"author":44079,"featured_media":70925,"comment_status":"open","ping_status":"open","sticky":false,"template":"","format":"standard","meta":{"footnotes":""},"categories":[40],"tags":[],"class_list":["post-70924","post","type-post","status-publish","format-standard","has-post-thumbnail","hentry","category-internacionales"],"_links":{"self":[{"href":"https:\/\/2horizontes.com\/index.php?rest_route=\/wp\/v2\/posts\/70924","targetHints":{"allow":["GET"]}}],"collection":[{"href":"https:\/\/2horizontes.com\/index.php?rest_route=\/wp\/v2\/posts"}],"about":[{"href":"https:\/\/2horizontes.com\/index.php?rest_route=\/wp\/v2\/types\/post"}],"author":[{"embeddable":true,"href":"https:\/\/2horizontes.com\/index.php?rest_route=\/wp\/v2\/users\/44079"}],"replies":[{"embeddable":true,"href":"https:\/\/2horizontes.com\/index.php?rest_route=%2Fwp%2Fv2%2Fcomments&post=70924"}],"version-history":[{"count":1,"href":"https:\/\/2horizontes.com\/index.php?rest_route=\/wp\/v2\/posts\/70924\/revisions"}],"predecessor-version":[{"id":70926,"href":"https:\/\/2horizontes.com\/index.php?rest_route=\/wp\/v2\/posts\/70924\/revisions\/70926"}],"wp:featuredmedia":[{"embeddable":true,"href":"https:\/\/2horizontes.com\/index.php?rest_route=\/wp\/v2\/media\/70925"}],"wp:attachment":[{"href":"https:\/\/2horizontes.com\/index.php?rest_route=%2Fwp%2Fv2%2Fmedia&parent=70924"}],"wp:term":[{"taxonomy":"category","embeddable":true,"href":"https:\/\/2horizontes.com\/index.php?rest_route=%2Fwp%2Fv2%2Fcategories&post=70924"},{"taxonomy":"post_tag","embeddable":true,"href":"https:\/\/2horizontes.com\/index.php?rest_route=%2Fwp%2Fv2%2Ftags&post=70924"}],"curies":[{"name":"wp","href":"https:\/\/api.w.org\/{rel}","templated":true}]}}