{"id":70876,"date":"2020-06-16T18:56:40","date_gmt":"2020-06-16T17:56:40","guid":{"rendered":"http:\/\/2horizontes.com\/?p=70876"},"modified":"2020-06-16T19:13:21","modified_gmt":"2020-06-16T18:13:21","slug":"el-villano-de-telenovelas-mexicanas-sergio-goyri-se-convierte-en-mecanico-por-falta-de-contratos-en-television","status":"publish","type":"post","link":"https:\/\/2horizontes.com\/?p=70876","title":{"rendered":"El villano de telenovelas mexicanas Sergio Goyri se convierte en mec\u00e1nico por falta de contratos en televisi\u00f3n"},"content":{"rendered":"\n<p>El actor mexicano Sergio Goyri ha tenido que retirarse de las c\u00e1maras de televisi\u00f3n para dedicarse a realizar trabajos de mec\u00e1nica, ante la falta de llamados en la industria luego de sus comentarios racistas.<\/p>\n\n\n\n<p>El cambio de oficio por parte del histri\u00f3n, quien la mayor parte de su carrera ha encarnado personajes de&nbsp;villano de telenovelas, ha generado una gran pol\u00e9mica en redes.<\/p>\n\n\n\n<p>Goyri empez\u00f3 a quedarse sin trabajo&nbsp;luego de que en 2019 realizara comentarios racistas en contra de la actriz&nbsp;Yalitza Aparicio, a quien llam\u00f3 \u00abpinche india\u00bb, tras ser nominada al premio Oscar de Hollywood a la mejor actriz, por su participaci\u00f3n en el protag\u00f3nico de la aclamada pel\u00edcula &#8216;Roma&#8217;.<\/p>\n\n\n\n<p>El&nbsp;comentario provoc\u00f3 que su participaci\u00f3n dentro del medio art\u00edstico disminuyera. Una situaci\u00f3n que se agrav\u00f3 con la epidemia de covid-19.<\/p>\n\n\n\n<p>A Goyri siempre le han apasionado los autom\u00f3viles cl\u00e1sicos y por ello decidi\u00f3&nbsp;<strong>invertir dinero en un taller mec\u00e1nico<\/strong>&nbsp;ubicado en Tlajomulco, Jalisco, tras asociarse con un ingeniero estadounidense en 2014.<\/p>\n\n\n\n<p>\u00ab<strong>Lo que tengo es un taller donde reparamos carros, carros cl\u00e1sicos<\/strong>\u00ab, dijo el actor al programa&nbsp;<a href=\"https:\/\/www.youtube.com\/watch?v=z3xaE4LADWU\" target=\"_blank\" rel=\"noreferrer noopener\">Hoy<\/a>.<a href=\"https:\/\/twitter.com\/ElGordoyLaFlaca\"><\/a><a href=\"https:\/\/twitter.com\/ElGordoyLaFlaca\"><strong>elgordoylaflaca<\/strong><strong>&#x2714;<\/strong>@ElGordoyLaFlaca<\/a><a href=\"https:\/\/twitter.com\/ElGordoyLaFlaca\/status\/1272612582562594820\"><\/a><\/p>\n\n\n\n<p>De los foros al taller mec\u00e1nico: Sergio Goyri tiene un plan B para cuando no hay trabajo en la actuaci\u00f3n. <a href=\"https:\/\/t.co\/ZghgyshpVJ\" rel=\"noreferrer noopener\" target=\"_blank\">https:\/\/bit.ly\/3d78C1n&nbsp;<\/a><\/p>\n\n\n\n<figure class=\"wp-block-image\"><a href=\"https:\/\/twitter.com\/ElGordoyLaFlaca\/status\/1272612582562594820\/photo\/1\"><img decoding=\"async\" src=\"https:\/\/pbs.twimg.com\/media\/Eak6ZieWkAMmGqw?format=jpg&amp;name=small\" alt=\"Ver imagen en Twitter\" title=\"Ver imagen en Twitter\"\/><\/a><\/figure>\n\n\n\n<p><a href=\"https:\/\/twitter.com\/intent\/like?tweet_id=1272612582562594820\">21<\/a><a href=\"https:\/\/twitter.com\/ElGordoyLaFlaca\/status\/1272612582562594820\"><time datetime=\"2020-06-15T19:30:58+0000\">21:30 &#8211; 15 jun. 2020<\/time><\/a><a href=\"https:\/\/support.twitter.com\/articles\/20175256\">Informaci\u00f3n y privacidad de Twitter Ads<\/a><a href=\"https:\/\/twitter.com\/ElGordoyLaFlaca\">Ver los otros Tweets de elgordoylaflaca<\/a><\/p>\n\n\n\n<h3 class=\"wp-block-heading\">\u00abAh\u00ed vamos\u00bb<\/h3>\n\n\n\n<p>Pero la situaci\u00f3n econ\u00f3mica del pa\u00eds, derivada de la pandemia del coronavirus y las medidas de aislamiento social, tambi\u00e9n han impactado en el nuevo oficio de&nbsp;Goyri.<\/p>\n\n\n\n<p>\u00ab<strong>Ah\u00ed vamos, no a medio vapor, sino a un cuarto de vapor por estas circunstancias<\/strong>,que todo mundo se tiene que cuidar. Hay muchos elementos [que] nos han dilatado\u00bb, agreg\u00f3.&nbsp;<\/p>\n\n\n\n<p>La nueva profesi\u00f3n de Goyri, que le permite tener ingresos en los tiempos dif\u00edciles, ha causado sensaci\u00f3n en la Red.&nbsp;<\/p>\n\n\n\n<p>El&nbsp;usuario de Twitter Davyd GM destac\u00f3 que, despu\u00e9s de que Goyri se burl\u00f3 de Aparicio,&nbsp;se vio obligado a ejercer otra profesi\u00f3n. \u00ab<strong>El 2020 nos trae una sonrisa en medio de todo<\/strong>\u00ab, tuite\u00f3 en tono sarc\u00e1stico.&nbsp;<a href=\"https:\/\/twitter.com\/Davydgm\"><\/a><a href=\"https:\/\/twitter.com\/Davydgm\"><strong>Calder\u00f3n sab\u00eda nexos d Garc\u00eda Luna con el narco<\/strong>@Davydgm<\/a><a href=\"https:\/\/twitter.com\/Davydgm\/status\/1272540336011821058\"><\/a><\/p>\n\n\n\n<p>Sergio Goiri \u00e9l actor sin talento que se burlaba de Yalitza Aparicio termina de mec\u00e1nico. El 2020 nos trae una sonrisa en medio del todo.<\/p>\n\n\n\n<figure class=\"wp-block-image\"><a href=\"https:\/\/twitter.com\/Davydgm\/status\/1272540336011821058\/photo\/1\"><img decoding=\"async\" src=\"https:\/\/pbs.twimg.com\/media\/Eaj4rYSXsAAaYJh?format=jpg&amp;name=small\" alt=\"Ver imagen en Twitter\" title=\"Ver imagen en Twitter\"\/><\/a><\/figure>\n\n\n\n<figure class=\"wp-block-image\"><a href=\"https:\/\/twitter.com\/Davydgm\/status\/1272540336011821058\/photo\/1\"><img decoding=\"async\" src=\"https:\/\/pbs.twimg.com\/media\/Eaj4r_YWAAYUfJ3?format=jpg&amp;name=small\" alt=\"Ver imagen en Twitter\" title=\"Ver imagen en Twitter\"\/><\/a><\/figure>\n\n\n\n<p><a href=\"https:\/\/twitter.com\/intent\/like?tweet_id=1272540336011821058\">11<\/a><a href=\"https:\/\/twitter.com\/Davydgm\/status\/1272540336011821058\"><time datetime=\"2020-06-15T14:43:53+0000\">16:43 &#8211; 15 jun. 2020<\/time><\/a><a href=\"https:\/\/support.twitter.com\/articles\/20175256\">Informaci\u00f3n y privacidad de Twitter Ads<\/a><a href=\"https:\/\/twitter.com\/Davydgm\">Ver los otros Tweets de Calder\u00f3n sab\u00eda nexos d Garc\u00eda Luna con el narco<\/a><\/p>\n\n\n\n<p>Algunos usuarios destacaron que el nuevo oficio de Goyri podr\u00eda hacerlo cambiar como persona. \u00abEs un trabajo honrado que quiz\u00e1s lo vuelve mejor persona y m\u00e1s humilde\u00bb,&nbsp;<a href=\"https:\/\/twitter.com\/mayajim\/status\/1272550335358423041\" target=\"_blank\" rel=\"noreferrer noopener\">escribi\u00f3<\/a>&nbsp;Maya.&nbsp;<\/p>\n","protected":false},"excerpt":{"rendered":"<p>El actor mexicano Sergio Goyri ha tenido que retirarse de las c\u00e1maras de televisi\u00f3n para dedicarse a realizar trabajos de mec\u00e1nica, ante la falta de llamados en la industria luego de sus comentarios racistas. El cambio de oficio por parte del histri\u00f3n, quien la mayor parte de su carrera ha encarnado personajes de&nbsp;villano de telenovelas, [&hellip;]<\/p>\n","protected":false},"author":44079,"featured_media":70877,"comment_status":"open","ping_status":"closed","sticky":false,"template":"","format":"standard","meta":{"footnotes":""},"categories":[1,40],"tags":[],"class_list":["post-70876","post","type-post","status-publish","format-standard","has-post-thumbnail","hentry","category-entretenimiento","category-internacionales"],"_links":{"self":[{"href":"https:\/\/2horizontes.com\/index.php?rest_route=\/wp\/v2\/posts\/70876","targetHints":{"allow":["GET"]}}],"collection":[{"href":"https:\/\/2horizontes.com\/index.php?rest_route=\/wp\/v2\/posts"}],"about":[{"href":"https:\/\/2horizontes.com\/index.php?rest_route=\/wp\/v2\/types\/post"}],"author":[{"embeddable":true,"href":"https:\/\/2horizontes.com\/index.php?rest_route=\/wp\/v2\/users\/44079"}],"replies":[{"embeddable":true,"href":"https:\/\/2horizontes.com\/index.php?rest_route=%2Fwp%2Fv2%2Fcomments&post=70876"}],"version-history":[{"count":2,"href":"https:\/\/2horizontes.com\/index.php?rest_route=\/wp\/v2\/posts\/70876\/revisions"}],"predecessor-version":[{"id":70879,"href":"https:\/\/2horizontes.com\/index.php?rest_route=\/wp\/v2\/posts\/70876\/revisions\/70879"}],"wp:featuredmedia":[{"embeddable":true,"href":"https:\/\/2horizontes.com\/index.php?rest_route=\/wp\/v2\/media\/70877"}],"wp:attachment":[{"href":"https:\/\/2horizontes.com\/index.php?rest_route=%2Fwp%2Fv2%2Fmedia&parent=70876"}],"wp:term":[{"taxonomy":"category","embeddable":true,"href":"https:\/\/2horizontes.com\/index.php?rest_route=%2Fwp%2Fv2%2Fcategories&post=70876"},{"taxonomy":"post_tag","embeddable":true,"href":"https:\/\/2horizontes.com\/index.php?rest_route=%2Fwp%2Fv2%2Ftags&post=70876"}],"curies":[{"name":"wp","href":"https:\/\/api.w.org\/{rel}","templated":true}]}}