{"id":70855,"date":"2020-06-15T10:19:09","date_gmt":"2020-06-15T09:19:09","guid":{"rendered":"http:\/\/2horizontes.com\/?p=70855"},"modified":"2020-06-15T10:29:40","modified_gmt":"2020-06-15T09:29:40","slug":"ito-bisono-juramenta-movimiento-itoluis-europa-coordinado-por-santiago-arias-excandidato-a-diputado-de-ultramar-2","status":"publish","type":"post","link":"https:\/\/2horizontes.com\/?p=70855","title":{"rendered":"Ito Bison\u00f3 juramenta movimiento \u201cIto+Luis Europa\u201d coordinado por Santiago Arias, excandidato a diputado de ultramar"},"content":{"rendered":"\n<p><strong>Madrid, Espa\u00f1a.- <\/strong>El dirigente pol\u00edtico<strong> Ito Bison\u00f3<\/strong> jurament\u00f3 este juevesla directiva del movimiento<strong> Ito+Luis Europa, <\/strong>coordinado por Santiago Arias, excandidato a diputado de ultramary empresario dominicano residente en Espa\u00f1a.<\/p>\n\n\n\n<p>El acto de juramentaci\u00f3n se realiz\u00f3 de forma virtual por la plataforma Zoom y participaron 100 miembros de distintas ciudades de Europa (el m\u00e1ximo de asistente que permite la aplicaci\u00f3n),&nbsp; quienes se comprometieron a trabajar desde el exterior para llevar al poder al candidato presidencial del Partido Revolucionario Moderno (PRM), Luis Abinader.<\/p>\n\n\n\n<p>En su intervenci\u00f3n Bison\u00f3 agradeci\u00f3 a Santiago Arias y a todo el equipo del movimiento por el gran trabajo que est\u00e1n realizando desde las distintas ciudades de Europa para sumar votos al proyecto de Luis Abinader. Asimismo resalt\u00f3 el importante papel que desempe\u00f1a la di\u00e1spora dominicana en el desarrollo del pa\u00eds y ahora tambi\u00e9n en la gesta del cambio, la cual debe tener m\u00e1s oportunidades, \u201cLuis es la opci\u00f3n de que ustedes pueden tener seguridad en el pa\u00eds y puedan desarrollar proyectos de inversi\u00f3n\u201d, expres\u00f3. &nbsp;&nbsp;<\/p>\n\n\n\n<p>Por otra parte el presidente del movimiento Santiago Arias, hizo un llamado a la unidad de la di\u00e1spora dominicana radicada en Europa a trabajar unida para lograr el cambio que necesita el pa\u00eds en las pr\u00f3ximas elecciones presidenciales del 5 de julio. \u201cnecesitamos un cambio en la Rep\u00fablica Dominicana, donde se tome en cuenta a la comunidad dominicana residente en el exterior. \u201cDesde el movimiento \u201cIto+Luis Europa\u201d nos comprometemos aportar los votos que facilitaran la victoria de Luis Abinader en la primera vuelta\u201d, expres\u00f3.<\/p>\n\n\n\n<p>Entre los miembros del equipo directivo del movimiento se encuentran Eduardo Araujo, David Medida, y Hamlet Ram\u00edrez, quienes resaltaron las actividades que realiza el movimiento en las distintas ciudades de Europa.<\/p>\n\n\n\n<p>En la juramentaci\u00f3n moderada y coordinada por Yudelka Santos, la pastora Eliza ofreci\u00f3 una oraci\u00f3n por la salud del candidato presidencial Luis Abinader y su esposa Raquel Arbaje, quienes dieron positivo a la prueba del Covid-19.<\/p>\n\n\n\n<p>En el acto estuvieron presentes H\u00e9ctor Garc\u00eda, presidente Federal del PRM en Europa, Delano Marte, coordinador de la Circunscripci\u00f3n III Europa, &nbsp;Antonio G\u00f3mez, coordinador general del comando de campa\u00f1a del PRM Europa, Juan Dur\u00e1n, coordinador federal del Movimiento Unidos por el Cambio, Cristian Jim\u00e9nez, coordinador Unidos por el Cambio Espa\u00f1a, Frizio Burgos, candidato a diputado de ultramar por el Partido Dominicanos Por el Cambio, DxC, y el Dr. Ram\u00f3n Ceballos, los cuales dieron la bienvenida al equipo del movimiento.<\/p>\n\n\n\n<p>Entre los invitados especiales se encontraban los empresarios, Marcos Herrera y Joel Burgos. Adem\u00e1s participaron Ariosto Meza, Santa Victoria P\u00e9rez Anairis, Ricardo Zorrilla, Robinson Paulino, Ing. Guill\u00e9n, Ram\u00f3n Balc\u00e1cer, Milciades Polanco, Santa Victoria P\u00e9rez, Wellington Hern\u00e1ndez, Manuel Canela Dary, Howard Mart\u00ednez, Francisco Alberto Cordero entre otros militantes y simpatizantes.<\/p>\n","protected":false},"excerpt":{"rendered":"<p>Madrid, Espa\u00f1a.- El dirigente pol\u00edtico Ito Bison\u00f3 jurament\u00f3 este juevesla directiva del movimiento Ito+Luis Europa, coordinado por Santiago Arias, excandidato a diputado de ultramary empresario dominicano residente en Espa\u00f1a. El acto de juramentaci\u00f3n se realiz\u00f3 de forma virtual por la plataforma Zoom y participaron 100 miembros de distintas ciudades de Europa (el m\u00e1ximo de asistente [&hellip;]<\/p>\n","protected":false},"author":1,"featured_media":70858,"comment_status":"open","ping_status":"open","sticky":false,"template":"","format":"standard","meta":{"footnotes":""},"categories":[46,43,44],"tags":[],"class_list":["post-70855","post","type-post","status-publish","format-standard","has-post-thumbnail","hentry","category-dominicanos-en-madrid","category-politica","category-republica-dominicana"],"_links":{"self":[{"href":"https:\/\/2horizontes.com\/index.php?rest_route=\/wp\/v2\/posts\/70855","targetHints":{"allow":["GET"]}}],"collection":[{"href":"https:\/\/2horizontes.com\/index.php?rest_route=\/wp\/v2\/posts"}],"about":[{"href":"https:\/\/2horizontes.com\/index.php?rest_route=\/wp\/v2\/types\/post"}],"author":[{"embeddable":true,"href":"https:\/\/2horizontes.com\/index.php?rest_route=\/wp\/v2\/users\/1"}],"replies":[{"embeddable":true,"href":"https:\/\/2horizontes.com\/index.php?rest_route=%2Fwp%2Fv2%2Fcomments&post=70855"}],"version-history":[{"count":1,"href":"https:\/\/2horizontes.com\/index.php?rest_route=\/wp\/v2\/posts\/70855\/revisions"}],"predecessor-version":[{"id":70857,"href":"https:\/\/2horizontes.com\/index.php?rest_route=\/wp\/v2\/posts\/70855\/revisions\/70857"}],"wp:featuredmedia":[{"embeddable":true,"href":"https:\/\/2horizontes.com\/index.php?rest_route=\/wp\/v2\/media\/70858"}],"wp:attachment":[{"href":"https:\/\/2horizontes.com\/index.php?rest_route=%2Fwp%2Fv2%2Fmedia&parent=70855"}],"wp:term":[{"taxonomy":"category","embeddable":true,"href":"https:\/\/2horizontes.com\/index.php?rest_route=%2Fwp%2Fv2%2Fcategories&post=70855"},{"taxonomy":"post_tag","embeddable":true,"href":"https:\/\/2horizontes.com\/index.php?rest_route=%2Fwp%2Fv2%2Ftags&post=70855"}],"curies":[{"name":"wp","href":"https:\/\/api.w.org\/{rel}","templated":true}]}}