{"id":70732,"date":"2020-06-08T13:03:18","date_gmt":"2020-06-08T12:03:18","guid":{"rendered":"http:\/\/2horizontes.com\/?p=70732"},"modified":"2020-06-08T13:09:50","modified_gmt":"2020-06-08T12:09:50","slug":"miles-de-personas-protestan-en-madrid-sin-distancia-de-seguridad","status":"publish","type":"post","link":"https:\/\/2horizontes.com\/?p=70732","title":{"rendered":"Miles de personas protestan en Madrid sin distancia de seguridad"},"content":{"rendered":"\n<p>Las protestas contra el racismo y por la muerte de George Floyd en Mine\u00e1polis est\u00e1n siendo una constante no solo por todo Estados Unidos sino por todas las capitales de Europa. Y Espa\u00f1a no ha sido una excepci\u00f3n.&nbsp;<\/p>\n\n\n\n<p><strong>Unas 3.000 personas, seg\u00fan datos de Delegaci\u00f3n de Gobierno, se han concentrado este domingo frente a la Embajada de Estados Unidos en Madrid<\/strong>&nbsp;convocados por la Comunidad Negra Africana Afrodescendiente en Espa\u00f1a.&nbsp;Al grito de \u00abNo justice, no peace\u00bb (sin justicia, no hay paz) y \u00abBlack lives matter\u00bb (las vidas negras importan), la protesta, que ha discurrido de manera totalmente pac\u00edfica, ha seguido as\u00ed los pasos de las concentraciones multitudinarias en Estados Unidos en memoria de Floyd.&nbsp;<\/p>\n\n\n\n<p><strong>La Delegaci\u00f3n del Gobierno hab\u00eda autorizado esta concentraci\u00f3n para 200 personas<\/strong>&nbsp;pero&nbsp;finalmente se desbordaron las previsiones y acudieron miles de participantes. Por eso,&nbsp;<strong>aunque la mayor\u00eda llevaba alg\u00fan tipo de mascarilla, la afluencia ha hecho imposible que los manifestantes guardasen la distancia de seguridad estipulada en dos metros.&nbsp;<\/strong><\/p>\n\n\n\n<p>Tambi\u00e9n ha habido concentraciones en Barcelona, donde se han juntado m\u00e1s de mil personas en la plaza de Sant Jaume. All\u00ed los organizadores repartieron guantes y mascarillas para intentar cumplir con las medidas de seguridad.&nbsp;<\/p>\n\n\n\n<p>Las im\u00e1genes de las protestas multitudinarias, que han sido m\u00e1s modestas en otras ciudades del pa\u00eds,&nbsp;enseguida han circulado por las redes sociales, donde los usuarios se preguntaban por la seguridad de este tipo de conductas,&nbsp;<strong>especialmente en dos grandes capitales que siguen adem\u00e1s hasta el lunes en fase 1.<\/strong>&nbsp;Madrid por ejemplo ha notificado en su informe epidemiol\u00f3gico de este domingo 9 fallecidos y 44 nuevos contagiados.&nbsp;<\/p>\n\n\n\n\n\n<p>Entre los que se han pronunciado en Twitter est\u00e1 el propio ministro de Sanidad. Salvador Illa ha querido recordar que el covid-19 sigue aqu\u00ed y ha pedido responsabilidad a todos los que participan en estas protestas.&nbsp;<a href=\"https:\/\/twitter.com\/salvadorilla\"><\/a><a href=\"https:\/\/twitter.com\/salvadorilla\"><strong>Salvador Illa Roca\/<\/strong><strong>&#x2714;<\/strong>@salvadorilla<\/a><a href=\"https:\/\/twitter.com\/salvadorilla\/status\/1269693539501424641\"><\/a><\/p>\n\n\n\n<p>Desde el m\u00e1s profundo respeto a toda reivindicaci\u00f3n democr\u00e1tica, quiero recordar que el virus est\u00e1 ah\u00ed. Pido responsabilidad a quien se manifiesta <a href=\"https:\/\/twitter.com\/hashtag\/COVID19?src=hash\">#COVID19<\/a><a href=\"https:\/\/twitter.com\/intent\/like?tweet_id=1269693539501424641\">37,9&nbsp;mil<\/a><a href=\"https:\/\/twitter.com\/salvadorilla\/status\/1269693539501424641\"><time datetime=\"2020-06-07T18:11:44+0000\">20:11 &#8211; 7 jun. 2020<\/time><\/a><a href=\"https:\/\/support.twitter.com\/articles\/20175256\">Informaci\u00f3n y privacidad de Twitter Ads<\/a><a rel=\"noreferrer noopener\" href=\"https:\/\/twitter.com\/salvadorilla\/status\/1269693539501424641?ref_src=twsrc%5Etfw%7Ctwcamp%5Etweetembed%7Ctwterm%5E1269693539501424641&amp;ref_url=https%3A%2F%2Fwww.lavozdegalicia.es%2Fnoticia%2Fsociedad%2F2020%2F06%2F07%2Fmiles-personas-protestan-madrid-distancia-seguridad%2F00031591554927662321201.htm\" target=\"_blank\">12,9&nbsp;mil personas est\u00e1n hablando de esto<\/a>.<\/p>\n\n\n\n<p>Fuente: La voz de Galicia.<\/p>\n","protected":false},"excerpt":{"rendered":"<p>Las protestas contra el racismo y por la muerte de George Floyd en Mine\u00e1polis est\u00e1n siendo una constante no solo por todo Estados Unidos sino por todas las capitales de Europa. Y Espa\u00f1a no ha sido una excepci\u00f3n.&nbsp; Unas 3.000 personas, seg\u00fan datos de Delegaci\u00f3n de Gobierno, se han concentrado este domingo frente a la [&hellip;]<\/p>\n","protected":false},"author":44079,"featured_media":70733,"comment_status":"open","ping_status":"open","sticky":false,"template":"","format":"standard","meta":{"footnotes":""},"categories":[85],"tags":[],"class_list":["post-70732","post","type-post","status-publish","format-standard","has-post-thumbnail","hentry","category-espana"],"_links":{"self":[{"href":"https:\/\/2horizontes.com\/index.php?rest_route=\/wp\/v2\/posts\/70732","targetHints":{"allow":["GET"]}}],"collection":[{"href":"https:\/\/2horizontes.com\/index.php?rest_route=\/wp\/v2\/posts"}],"about":[{"href":"https:\/\/2horizontes.com\/index.php?rest_route=\/wp\/v2\/types\/post"}],"author":[{"embeddable":true,"href":"https:\/\/2horizontes.com\/index.php?rest_route=\/wp\/v2\/users\/44079"}],"replies":[{"embeddable":true,"href":"https:\/\/2horizontes.com\/index.php?rest_route=%2Fwp%2Fv2%2Fcomments&post=70732"}],"version-history":[{"count":2,"href":"https:\/\/2horizontes.com\/index.php?rest_route=\/wp\/v2\/posts\/70732\/revisions"}],"predecessor-version":[{"id":70735,"href":"https:\/\/2horizontes.com\/index.php?rest_route=\/wp\/v2\/posts\/70732\/revisions\/70735"}],"wp:featuredmedia":[{"embeddable":true,"href":"https:\/\/2horizontes.com\/index.php?rest_route=\/wp\/v2\/media\/70733"}],"wp:attachment":[{"href":"https:\/\/2horizontes.com\/index.php?rest_route=%2Fwp%2Fv2%2Fmedia&parent=70732"}],"wp:term":[{"taxonomy":"category","embeddable":true,"href":"https:\/\/2horizontes.com\/index.php?rest_route=%2Fwp%2Fv2%2Fcategories&post=70732"},{"taxonomy":"post_tag","embeddable":true,"href":"https:\/\/2horizontes.com\/index.php?rest_route=%2Fwp%2Fv2%2Ftags&post=70732"}],"curies":[{"name":"wp","href":"https:\/\/api.w.org\/{rel}","templated":true}]}}