{"id":7071,"date":"2015-05-15T05:28:44","date_gmt":"2015-05-15T04:28:44","guid":{"rendered":"http:\/\/2horizontes.com\/?p=7071"},"modified":"2015-05-15T05:28:44","modified_gmt":"2015-05-15T04:28:44","slug":"productores-de-villa-trina-lazan-cientos-de-libras-de-ajies-alas-calles-en-protesta","status":"publish","type":"post","link":"https:\/\/2horizontes.com\/?p=7071","title":{"rendered":"Productores de Villa Trina lazan cientos de libras de ajies alas calles en protesta"},"content":{"rendered":"<p>REPUBLICA DOMINICANA &#8211; MOCA-Productores de Vegetales de Villa Trina protestaron en la tarde de ayer frente a la Plaza del Agricultor, donde hoy el presidente Danilo Medina encabezar\u00e1 los actos por el D\u00eda del Agricultor.<\/p>\n<p>Los productores arrojaron a las calles cientos de libras de aj\u00edes picantes y libras de otras variedades, que seg\u00fan afirman no tienen salida en el mercado local.<\/p>\n<p>M\u00e1s de 300 productores llenaron la calle Ram\u00f3n C\u00e1ceres y sus alrededores vociferando consignas y pidi\u00e9ndole al presidente Medina que cumpla con el desembolso de unos 44 millones de pesos que les prometi\u00f3 en unas de sus visitas sorpresas a Moca y hasta el momento no le han cumplido.<\/p>\n<p>En medio de la protesta se presentaron agentes policiales, lo que provoc\u00f3 que se produjeran empujones y un agricultor a\u00fan no identificado fue \u00a0 llevado al cuartel de la polic\u00eda como detenido. Tambi\u00e9n fueron retenidos varios veh\u00edculos.<\/p>\n<p>Un grupo de agricultores se apost\u00f3 frente al cuartel de la polic\u00eda pidiendo que\u00a0 entreguen a la persona detenida y los veh\u00edculos.<\/p>\n<p>Hugo Gonz\u00e1lez,\u00a0 presidente del gremio de productores, dijo que ma\u00f1ana estar\u00e1n de nuevo en la plaza a las 9:00 de la ma\u00f1ana cuando est\u00e1 pautada la visita del\u00a0 mandatario.<\/p>\n<p>En la protesta participan Las Asociaciones Productores de Villa Trina, El movimiento Popular Los Peregrinos, una comisi\u00f3n de la Iglesia\u00a0 entre otros.<\/p>\n","protected":false},"excerpt":{"rendered":"<p>REPUBLICA DOMINICANA &#8211; MOCA-Productores de Vegetales de Villa Trina protestaron en la tarde de ayer frente a la Plaza del Agricultor, donde hoy el presidente Danilo Medina encabezar\u00e1 los actos por el D\u00eda del Agricultor. Los productores arrojaron a las calles cientos de libras de aj\u00edes picantes y libras de otras variedades, que seg\u00fan afirman [&hellip;]<\/p>\n","protected":false},"author":8,"featured_media":7072,"comment_status":"open","ping_status":"open","sticky":false,"template":"","format":"standard","meta":{"footnotes":""},"categories":[53],"tags":[],"class_list":["post-7071","post","type-post","status-publish","format-standard","has-post-thumbnail","hentry","category-provincias"],"_links":{"self":[{"href":"https:\/\/2horizontes.com\/index.php?rest_route=\/wp\/v2\/posts\/7071","targetHints":{"allow":["GET"]}}],"collection":[{"href":"https:\/\/2horizontes.com\/index.php?rest_route=\/wp\/v2\/posts"}],"about":[{"href":"https:\/\/2horizontes.com\/index.php?rest_route=\/wp\/v2\/types\/post"}],"author":[{"embeddable":true,"href":"https:\/\/2horizontes.com\/index.php?rest_route=\/wp\/v2\/users\/8"}],"replies":[{"embeddable":true,"href":"https:\/\/2horizontes.com\/index.php?rest_route=%2Fwp%2Fv2%2Fcomments&post=7071"}],"version-history":[{"count":1,"href":"https:\/\/2horizontes.com\/index.php?rest_route=\/wp\/v2\/posts\/7071\/revisions"}],"predecessor-version":[{"id":7073,"href":"https:\/\/2horizontes.com\/index.php?rest_route=\/wp\/v2\/posts\/7071\/revisions\/7073"}],"wp:featuredmedia":[{"embeddable":true,"href":"https:\/\/2horizontes.com\/index.php?rest_route=\/wp\/v2\/media\/7072"}],"wp:attachment":[{"href":"https:\/\/2horizontes.com\/index.php?rest_route=%2Fwp%2Fv2%2Fmedia&parent=7071"}],"wp:term":[{"taxonomy":"category","embeddable":true,"href":"https:\/\/2horizontes.com\/index.php?rest_route=%2Fwp%2Fv2%2Fcategories&post=7071"},{"taxonomy":"post_tag","embeddable":true,"href":"https:\/\/2horizontes.com\/index.php?rest_route=%2Fwp%2Fv2%2Ftags&post=7071"}],"curies":[{"name":"wp","href":"https:\/\/api.w.org\/{rel}","templated":true}]}}