{"id":70686,"date":"2020-06-05T22:04:03","date_gmt":"2020-06-05T21:04:03","guid":{"rendered":"http:\/\/2horizontes.com\/?p=70686"},"modified":"2020-06-05T22:04:05","modified_gmt":"2020-06-05T21:04:05","slug":"equipo-de-respuesta-de-la-policia-de-bufalo-renuncia-por-la-suspension-de-2-agentes-que-empujaron-a-un-anciano-durante-la-protesta","status":"publish","type":"post","link":"https:\/\/2horizontes.com\/?p=70686","title":{"rendered":"Equipo de respuesta de la Polic\u00eda de B\u00fafalo renuncia por LA suspensi\u00f3n de 2 agentes que empujaron a un anciano durante la protesta"},"content":{"rendered":"\n<p>Los 57 miembros del equipo de respuesta del Departamento de Polic\u00eda de B\u00fafalo (Nueva York) han renunciado este 5 de junio en protesta por la suspensi\u00f3n sin paga de dos agentes, despu\u00e9s de que ambos&nbsp;<a href=\"https:\/\/actualidad.rt.com\/actualidad\/355577-video-anciano-golpear-cabeza-suelo\" target=\"_blank\" rel=\"noreferrer noopener\">provocaran la ca\u00edda<\/a>&nbsp;de un manifestante pac\u00edfico, de 75 a\u00f1os, que se golpe\u00f3 la cabeza, sangr\u00f3 por la oreja y acab\u00f3 hospitalizado.<\/p>\n\n\n\n<p>El presidente de la Asociaci\u00f3n de Beneficencia de la Polic\u00eda de B\u00fafalo, citado por&nbsp;<a href=\"https:\/\/www.wivb.com\/news\/local-news\/buffalo\/entire-bpd-emergency-response-team-resigns-in-support-of-suspended-officers\/\" target=\"_blank\" rel=\"noreferrer noopener\">WGRZ<\/a>, afirm\u00f3 que todos los agentes \u00ab<strong>renunciaron con disgusto debido al tratamiento de dos de sus miembros, que simplemente estaban ejecutando \u00f3rdenes<\/strong>\u00ab.&nbsp;El escuadr\u00f3n especial se cre\u00f3 en el 2016 para ser desplegado en protestas masivas o disturbios.<\/p>\n\n\n\n<p>Por su parte, Martin Gugino, permanece en el hospital en condici\u00f3n grave, pero estable.&nbsp;En Internet se han divulgado videos que muestran c\u00f3mo cae al suelo, golpe\u00e1ndose la cabeza, despu\u00e9s que dos polic\u00edas lo empujaran.<\/p>\n\n\n\n<p>Tras el suceso, que tuvo lugar este jueves, el alcalde de B\u00fafalo, Byron Brown, emiti\u00f3 un&nbsp;<a href=\"https:\/\/twitter.com\/MayorByronBrown\/status\/1268741779030933507\" target=\"_blank\" rel=\"noreferrer noopener\">comunicado<\/a>&nbsp;para informar que dos uniformados involucrados en el incidente fueron suspendidos.<\/p>\n\n\n\n<p><strong><em>ADVERTENCIA: El siguiente video puede herir su&nbsp;<\/em><\/strong><strong><em>sensibilidad<\/em><\/strong><a href=\"https:\/\/twitter.com\/ActualidadRT\"><\/a><a href=\"https:\/\/twitter.com\/ActualidadRT\"><strong>RT en Espa\u00f1ol<\/strong><strong>&#x2714;<\/strong>@ActualidadRT<\/a><a href=\"https:\/\/twitter.com\/ActualidadRT\/status\/1268831100161458177\"><\/a><\/p>\n\n\n\n<p><img decoding=\"async\" src=\"https:\/\/abs.twimg.com\/emoji\/v2\/72x72\/1f51e.png\" alt=\"&#x1f51e;\"> FUERTE VIDEO: Un anciano se golpea la cabeza contra el suelo tras ser empujado por dos polic\u00edas en B\u00fafalo y acaba hospitalizado<br> <a rel=\"noreferrer noopener\" href=\"https:\/\/t.co\/0UE5Lzabk8\" target=\"_blank\">https:\/\/es.rt.com\/7md5\u00a0<\/a><br><br>El hombre se encuentra en condici\u00f3n grave pero estable, mientras que los uniformados fueron suspendidos<\/p>\n\n\n\n<figure class=\"wp-block-image\"><img decoding=\"async\" src=\"https:\/\/pbs.twimg.com\/media\/EZvLLLeWoAAZaTQ?format=jpg&amp;name=small\" alt=\"Video insertado\"\/><\/figure>\n\n\n\n<p><a href=\"https:\/\/twitter.com\/ActualidadRT\/status\/1268831100161458177\"><\/a><a href=\"https:\/\/twitter.com\/intent\/like?tweet_id=1268831100161458177\">1.277<\/a><a href=\"https:\/\/twitter.com\/ActualidadRT\/status\/1268831100161458177\"><time datetime=\"2020-06-05T09:04:42+0000\">11:04 &#8211; 5 jun. 2020<\/time><\/a><a href=\"https:\/\/support.twitter.com\/articles\/20175256\">Informaci\u00f3n y privacidad de Twitter Ads<\/a><a href=\"https:\/\/twitter.com\/ActualidadRT\/status\/1268831100161458177\">1.999 personas est\u00e1n hablando de esto<\/a><\/p>\n\n\n\n<p>Fuente: RT. <\/p>\n","protected":false},"excerpt":{"rendered":"<p>Los 57 miembros del equipo de respuesta del Departamento de Polic\u00eda de B\u00fafalo (Nueva York) han renunciado este 5 de junio en protesta por la suspensi\u00f3n sin paga de dos agentes, despu\u00e9s de que ambos&nbsp;provocaran la ca\u00edda&nbsp;de un manifestante pac\u00edfico, de 75 a\u00f1os, que se golpe\u00f3 la cabeza, sangr\u00f3 por la oreja y acab\u00f3 hospitalizado. [&hellip;]<\/p>\n","protected":false},"author":44079,"featured_media":70687,"comment_status":"open","ping_status":"open","sticky":false,"template":"","format":"standard","meta":{"footnotes":""},"categories":[40],"tags":[],"class_list":["post-70686","post","type-post","status-publish","format-standard","has-post-thumbnail","hentry","category-internacionales"],"_links":{"self":[{"href":"https:\/\/2horizontes.com\/index.php?rest_route=\/wp\/v2\/posts\/70686","targetHints":{"allow":["GET"]}}],"collection":[{"href":"https:\/\/2horizontes.com\/index.php?rest_route=\/wp\/v2\/posts"}],"about":[{"href":"https:\/\/2horizontes.com\/index.php?rest_route=\/wp\/v2\/types\/post"}],"author":[{"embeddable":true,"href":"https:\/\/2horizontes.com\/index.php?rest_route=\/wp\/v2\/users\/44079"}],"replies":[{"embeddable":true,"href":"https:\/\/2horizontes.com\/index.php?rest_route=%2Fwp%2Fv2%2Fcomments&post=70686"}],"version-history":[{"count":1,"href":"https:\/\/2horizontes.com\/index.php?rest_route=\/wp\/v2\/posts\/70686\/revisions"}],"predecessor-version":[{"id":70688,"href":"https:\/\/2horizontes.com\/index.php?rest_route=\/wp\/v2\/posts\/70686\/revisions\/70688"}],"wp:featuredmedia":[{"embeddable":true,"href":"https:\/\/2horizontes.com\/index.php?rest_route=\/wp\/v2\/media\/70687"}],"wp:attachment":[{"href":"https:\/\/2horizontes.com\/index.php?rest_route=%2Fwp%2Fv2%2Fmedia&parent=70686"}],"wp:term":[{"taxonomy":"category","embeddable":true,"href":"https:\/\/2horizontes.com\/index.php?rest_route=%2Fwp%2Fv2%2Fcategories&post=70686"},{"taxonomy":"post_tag","embeddable":true,"href":"https:\/\/2horizontes.com\/index.php?rest_route=%2Fwp%2Fv2%2Ftags&post=70686"}],"curies":[{"name":"wp","href":"https:\/\/api.w.org\/{rel}","templated":true}]}}