{"id":70675,"date":"2020-06-04T18:21:02","date_gmt":"2020-06-04T17:21:02","guid":{"rendered":"http:\/\/2horizontes.com\/?p=70675"},"modified":"2020-06-04T18:21:04","modified_gmt":"2020-06-04T17:21:04","slug":"comerciantes-en-republica-dominicana-muestran-preocupacion-por-la-tasa-del-cambio-del-dolar","status":"publish","type":"post","link":"https:\/\/2horizontes.com\/?p=70675","title":{"rendered":"Comerciantes en Rep\u00fablica Dominicana muestran preocupaci\u00f3n por la tasa del cambio del d\u00f3lar"},"content":{"rendered":"\n<p>El presidente de la Confederaci\u00f3n del Comercio de Provisiones y Pymes de la Rep\u00fablica Dominicana (Confecomercio), Gilberto Luna,&nbsp;expres\u00f3 que la tasa de cambio del d\u00f3lar est\u00e1 pr\u00e1cticamente a RD$60.00 por US$1.00, lo que es preocupante para todos los dominicanos.<\/p>\n\n\n\n<p>El representante de los comerciantes advirti\u00f3 &nbsp;que esa tendencia hacia la alza en la prima de la moneda estadounidense &nbsp;es tan complicada que se le puede ir de las manos a las autoridades monetarias y producirse una devaluaci\u00f3n del peso dominicano a gran escala.<br><br>En ese sentido, el dirigente comercial dijo que si el d\u00f3lar sigue subiendo la econom\u00eda en general se va a complicar y se va a producir una inflaci\u00f3n general, no solo de los productos de la canasta familiar, sino tambi\u00e9n los bienes y servicios que demanda la poblaci\u00f3n.<\/p>\n\n\n\n<p>Enfatiz\u00f3 que por m\u00e1s que digan las autoridades del Banco Central de la Rep\u00fablica Dominicana que est\u00e1n inyectando d\u00f3lar al mercado cambiario, estos no se ven y al contrario este sigue subiendo.<\/p>\n\n\n\n<p>Dijo adem\u00e1s que las autoridades monetarias deben hacer una intervenci\u00f3n real y efectiva del mercado cambiario para evitar el colapso del sistema de precios de lo que consume la poblaci\u00f3n.<\/p>\n\n\n\n<p>Record\u00f3 que el pa\u00eds tiene vasta experiencia de lo que es una crisis cambiaria, \u201cdonde pr\u00e1cticamente nadie tiene el control de los agentes econ\u00f3micos, &nbsp;ni el sector p\u00fablico, ni el sector privado, ni mucho menos los consumidores, lo que convierte la econom\u00eda en un caos\u201d.<\/p>\n\n\n\n<p>\u201cDe seguir este proceso de devaluaci\u00f3n de la moneda, entendemos que los dominicanos nos vamos a ir empobreciendo cada d\u00eda m\u00e1s y nuestro poder adquisitivo va a bajar sustancialmente y el salario real se ver\u00e1 muy afectado\u201d, subray\u00f3 el presidente de Confecomercio.<\/p>\n\n\n\n<p>Fuente: List\u00edn Diario. <\/p>\n","protected":false},"excerpt":{"rendered":"<p>El presidente de la Confederaci\u00f3n del Comercio de Provisiones y Pymes de la Rep\u00fablica Dominicana (Confecomercio), Gilberto Luna,&nbsp;expres\u00f3 que la tasa de cambio del d\u00f3lar est\u00e1 pr\u00e1cticamente a RD$60.00 por US$1.00, lo que es preocupante para todos los dominicanos. El representante de los comerciantes advirti\u00f3 &nbsp;que esa tendencia hacia la alza en la prima de [&hellip;]<\/p>\n","protected":false},"author":44079,"featured_media":70676,"comment_status":"open","ping_status":"open","sticky":false,"template":"","format":"standard","meta":{"footnotes":""},"categories":[63,44],"tags":[],"class_list":["post-70675","post","type-post","status-publish","format-standard","has-post-thumbnail","hentry","category-economia","category-republica-dominicana"],"_links":{"self":[{"href":"https:\/\/2horizontes.com\/index.php?rest_route=\/wp\/v2\/posts\/70675","targetHints":{"allow":["GET"]}}],"collection":[{"href":"https:\/\/2horizontes.com\/index.php?rest_route=\/wp\/v2\/posts"}],"about":[{"href":"https:\/\/2horizontes.com\/index.php?rest_route=\/wp\/v2\/types\/post"}],"author":[{"embeddable":true,"href":"https:\/\/2horizontes.com\/index.php?rest_route=\/wp\/v2\/users\/44079"}],"replies":[{"embeddable":true,"href":"https:\/\/2horizontes.com\/index.php?rest_route=%2Fwp%2Fv2%2Fcomments&post=70675"}],"version-history":[{"count":1,"href":"https:\/\/2horizontes.com\/index.php?rest_route=\/wp\/v2\/posts\/70675\/revisions"}],"predecessor-version":[{"id":70677,"href":"https:\/\/2horizontes.com\/index.php?rest_route=\/wp\/v2\/posts\/70675\/revisions\/70677"}],"wp:featuredmedia":[{"embeddable":true,"href":"https:\/\/2horizontes.com\/index.php?rest_route=\/wp\/v2\/media\/70676"}],"wp:attachment":[{"href":"https:\/\/2horizontes.com\/index.php?rest_route=%2Fwp%2Fv2%2Fmedia&parent=70675"}],"wp:term":[{"taxonomy":"category","embeddable":true,"href":"https:\/\/2horizontes.com\/index.php?rest_route=%2Fwp%2Fv2%2Fcategories&post=70675"},{"taxonomy":"post_tag","embeddable":true,"href":"https:\/\/2horizontes.com\/index.php?rest_route=%2Fwp%2Fv2%2Ftags&post=70675"}],"curies":[{"name":"wp","href":"https:\/\/api.w.org\/{rel}","templated":true}]}}