{"id":70664,"date":"2020-06-03T21:29:37","date_gmt":"2020-06-03T20:29:37","guid":{"rendered":"http:\/\/2horizontes.com\/?p=70664"},"modified":"2020-06-03T21:29:39","modified_gmt":"2020-06-03T20:29:39","slug":"espana-aprueba-la-ultima-prorroga-del-estado-del-alarma-que-se-extendera-hasta-el-21-de-junio","status":"publish","type":"post","link":"https:\/\/2horizontes.com\/?p=70664","title":{"rendered":"Espa\u00f1a aprueba la \u00faltima pr\u00f3rroga del estado del alarma, que se extender\u00e1 hasta el 21 de junio"},"content":{"rendered":"\n<p>El Congreso de los Diputados ha dado luz verde a la sexta y definitiva pr\u00f3rroga del estado de alarma impulsado por el gobierno de Pedro S\u00e1nchez, que&nbsp;<strong>se extender\u00e1 hasta el 21 de junio<\/strong>, fecha en la que est\u00e1 previsto que&nbsp;<strong>Espa\u00f1a alcance la \u00abnueva normalidad\u00bb<\/strong>&nbsp;en su convivencia con el coronavirus.<\/p>\n\n\n\n<p>S\u00e1nchez&nbsp;<a href=\"https:\/\/actualidad.rt.com\/actualidad\/355010-espana-sanchez-prolongar-estado-alarma-junio\" target=\"_blank\" rel=\"noreferrer noopener\">contaba<\/a>&nbsp;desde hace d\u00edas con la confirmaci\u00f3n de los apoyos necesarios para sacar adelante esta \u00faltima extensi\u00f3n del estado de alarma, en especial desde que Ciudadanos (C&#8217;s) y el Partido Nacionalista Vasco (PNV) hicieran p\u00fablico su respaldo y ERC anunciara su abstenci\u00f3n, abandonando el &#8216;no&#8217; que mantuvieron en las dos \u00faltimas votaciones. As\u00ed,&nbsp;el Hemiciclo ha dado luz verde a la pr\u00f3rroga&nbsp;con 177 votos a favor, 155 en contra y 18 abstenciones.<\/p>\n\n\n\n<h3 class=\"wp-block-heading\">Un estado de alarma \u00abmucho m\u00e1s liviano\u00bb<\/h3>\n\n\n\n<p>Esta reedici\u00f3n del estado de alarma presenta una\u00a0<strong>novedad<\/strong>\u00a0sustancial en el cap\u00edtulo de las competencias:\u00a0esta vez\u00a0ser\u00e1n\u00a0los\u00a0<strong>gobiernos auton\u00f3micos<\/strong>\u00a0quienes, al alcanzar la fase 3 de la desescalada, asuman la gesti\u00f3n de la transici\u00f3n hacia la nueva normalidad.<\/p>\n\n\n\n<p>\u00abSer\u00e1 un estado de alarma muy distinto, mucho m\u00e1s liviano\u00bb,&nbsp;indic\u00f3 al respecto Pedro S\u00e1nchez, especificando que en aquellas comunidades que alcancen&nbsp;<strong>la \u00faltima fase de la desescalada<\/strong>, \u00abser\u00e1n los presidentes auton\u00f3micos quienes decidir\u00e1n c\u00f3mo gestionar&nbsp;<strong>los ritmos y las modalidades<\/strong>&nbsp;de la vuelta a la normalidad en sus respectivos territorios\u00bb.<\/p>\n\n\n\n<p>\u00abEn manos del gobierno, lo \u00fanico que quedar\u00e1 ser\u00e1&nbsp;<strong>la regulaci\u00f3n de la movilidad<\/strong>\u00ab, aclar\u00f3 el presidente a continuaci\u00f3n.<\/p>\n\n\n\n<p>Sanchez ejemplific\u00f3 el nuevo escenario de competencias indicando que \u00absi hay comunidades que, por las condiciones epidemiol\u00f3gicas consideran que en lugar de estar dos semanas en la fase 3, deben estar 10 d\u00edas, el Gobierno de Espa\u00f1a no pondr\u00e1 objeci\u00f3n\u00bb. \u00abEs m\u00e1s, desde el 8 de junio y hasta el 21 de junio habr\u00e1&nbsp;<strong>comunidades aut\u00f3nomas enteras que est\u00e9n ya en la nueva normalidad<\/strong>&nbsp;y, por tanto, puedan levantar el estado de alarma\u00bb.<\/p>\n\n\n\n<p>Si los plazos&nbsp;mantienen su actual ritmo,&nbsp;para el 21 de junio, las comunidades de&nbsp;<strong>Madrid, Catalu\u00f1a y Castilla y Le\u00f3n<\/strong>&nbsp;no habr\u00e1n completado a\u00fan todas las fases de la desescalada, pero probablemente s\u00ed hayan alcanzado la \u00faltima,&nbsp;por lo cual sus respectivos gobiernos regionales tendr\u00e1n&nbsp;potestad para solicitar&nbsp;su paso a&nbsp;la nueva normalidad&nbsp;cuando lo estimen oportuno.<\/p>\n\n\n\n<figure class=\"wp-block-image\"><img decoding=\"async\" src=\"https:\/\/i.ytimg.com\/vi\/YQaunPGBJGg\/sddefault.jpg\" alt=\"\"\/><\/figure>\n\n\n\n<p><a href=\"https:\/\/news.google.com\/publications\/CAAqBwgKMNS13gIwkpwc?hl=es-419&amp;gl=MX&amp;ceid=MX%3Aes-419\" target=\"_blank\" rel=\"noreferrer noopener\"><\/a><\/p>\n\n\n\nFuente: RT. \n","protected":false},"excerpt":{"rendered":"<p>El Congreso de los Diputados ha dado luz verde a la sexta y definitiva pr\u00f3rroga del estado de alarma impulsado por el gobierno de Pedro S\u00e1nchez, que&nbsp;se extender\u00e1 hasta el 21 de junio, fecha en la que est\u00e1 previsto que&nbsp;Espa\u00f1a alcance la \u00abnueva normalidad\u00bb&nbsp;en su convivencia con el coronavirus. S\u00e1nchez&nbsp;contaba&nbsp;desde hace d\u00edas con la confirmaci\u00f3n [&hellip;]<\/p>\n","protected":false},"author":44079,"featured_media":70665,"comment_status":"open","ping_status":"open","sticky":false,"template":"","format":"standard","meta":{"footnotes":""},"categories":[85,43],"tags":[],"class_list":["post-70664","post","type-post","status-publish","format-standard","has-post-thumbnail","hentry","category-espana","category-politica"],"_links":{"self":[{"href":"https:\/\/2horizontes.com\/index.php?rest_route=\/wp\/v2\/posts\/70664","targetHints":{"allow":["GET"]}}],"collection":[{"href":"https:\/\/2horizontes.com\/index.php?rest_route=\/wp\/v2\/posts"}],"about":[{"href":"https:\/\/2horizontes.com\/index.php?rest_route=\/wp\/v2\/types\/post"}],"author":[{"embeddable":true,"href":"https:\/\/2horizontes.com\/index.php?rest_route=\/wp\/v2\/users\/44079"}],"replies":[{"embeddable":true,"href":"https:\/\/2horizontes.com\/index.php?rest_route=%2Fwp%2Fv2%2Fcomments&post=70664"}],"version-history":[{"count":1,"href":"https:\/\/2horizontes.com\/index.php?rest_route=\/wp\/v2\/posts\/70664\/revisions"}],"predecessor-version":[{"id":70666,"href":"https:\/\/2horizontes.com\/index.php?rest_route=\/wp\/v2\/posts\/70664\/revisions\/70666"}],"wp:featuredmedia":[{"embeddable":true,"href":"https:\/\/2horizontes.com\/index.php?rest_route=\/wp\/v2\/media\/70665"}],"wp:attachment":[{"href":"https:\/\/2horizontes.com\/index.php?rest_route=%2Fwp%2Fv2%2Fmedia&parent=70664"}],"wp:term":[{"taxonomy":"category","embeddable":true,"href":"https:\/\/2horizontes.com\/index.php?rest_route=%2Fwp%2Fv2%2Fcategories&post=70664"},{"taxonomy":"post_tag","embeddable":true,"href":"https:\/\/2horizontes.com\/index.php?rest_route=%2Fwp%2Fv2%2Ftags&post=70664"}],"curies":[{"name":"wp","href":"https:\/\/api.w.org\/{rel}","templated":true}]}}