{"id":70661,"date":"2020-06-03T20:32:49","date_gmt":"2020-06-03T19:32:49","guid":{"rendered":"http:\/\/2horizontes.com\/?p=70661"},"modified":"2020-06-03T20:32:51","modified_gmt":"2020-06-03T19:32:51","slug":"una-ciudad-medieval-del-siglo-xiii-sumergida-en-un-lago-en-italia-podria-resurgir-en-2021","status":"publish","type":"post","link":"https:\/\/2horizontes.com\/?p=70661","title":{"rendered":"Una ciudad medieval del siglo XIII sumergida en un lago en Italia podr\u00eda resurgir en 2021"},"content":{"rendered":"\n<p>Fabbriche di Careggine, una ciudad medieval sumergida bajo el embalse de&nbsp;Vagli en la provincia de Lucca, regi\u00f3n de la Toscana (Italia),&nbsp;podr\u00eda resurgir en 2021 una vez que el lago artificial sea drenado,&nbsp;<a href=\"https:\/\/firenze.repubblica.it\/cronaca\/2020\/05\/11\/news\/garfagnana_prosciugheranno_il_lago_e_il_paese_sommerso_rivedra_il_sole-256309749\/\" target=\"_blank\" rel=\"noreferrer noopener\">informan<\/a>&nbsp;medios locales.<\/p>\n\n\n\n<p>Esta peque\u00f1a ciudad de herreros provenientes de Brescia fue fundada en el&nbsp;siglo XIII y en 1947 qued\u00f3 bajo las aguas tras la construcci\u00f3n de una presa hidroel\u00e9ctrica. Desde entonces, \u00fanicamente ha emergido de las profundidades del embalse en cuatro ocasiones.<\/p>\n\n\n\n<p>\u00abLes informo que de ciertas fuentes s\u00e9 que el pr\u00f3ximo a\u00f1o, en 2021, el lago de Vagli ser\u00e1 vaciado\u00bb,\u00a0<a rel=\"noreferrer noopener\" href=\"https:\/\/www.facebook.com\/photo.php?fbid=1176974465976543&amp;set=a.153594018314598&amp;type=3\" target=\"_blank\">coment\u00f3<\/a>\u00a0en su cuenta de Facebook Lorenza Giorgi, hija del ex alcalde de la Municipalidad de Vagli di Sotto.<\/p>\n\n\n\n<p>La \u00faltima ocasi\u00f3n en que el lago fue drenado fue&nbsp;en 1994, cuando un mill\u00f3n de turistas arribaron a la regi\u00f3n para&nbsp;contemplar este &#8216;pueblo fantasma&#8217; construido en piedra, as\u00ed como la iglesia de San Teodoro, con su campanario cuadrado que a\u00fan se conserva en buenas condiciones.<\/p>\n\n\n\n<p>Por su parte, ENEL, la empresa due\u00f1a de la central hidroel\u00e9ctrica, confirm\u00f3 en un\u00a0<a rel=\"noreferrer noopener\" href=\"https:\/\/corporate.enel.it\/it\/comunicatiregionali\/press\/d\/2020\/05\/vagli-memorandum-di-intesa-per-promozione-turismo-sostenibile-\" target=\"_blank\">comunicado<\/a>\u00a0de prensa \u00abel posible vaciado de la cuenca [del Vagli]\u00bb, as\u00ed como \u00abla realizaci\u00f3n de actividades de mantenimiento en las obras hidr\u00e1ulicas, intervenciones ambientales con obras de ingenier\u00eda naturalista y proyectos de mejora del turismo\u00bb. <\/p>\n\n\n\n<p>Fuente: RT.<\/p>\n","protected":false},"excerpt":{"rendered":"<p>Fabbriche di Careggine, una ciudad medieval sumergida bajo el embalse de&nbsp;Vagli en la provincia de Lucca, regi\u00f3n de la Toscana (Italia),&nbsp;podr\u00eda resurgir en 2021 una vez que el lago artificial sea drenado,&nbsp;informan&nbsp;medios locales. Esta peque\u00f1a ciudad de herreros provenientes de Brescia fue fundada en el&nbsp;siglo XIII y en 1947 qued\u00f3 bajo las aguas tras la [&hellip;]<\/p>\n","protected":false},"author":44079,"featured_media":70662,"comment_status":"open","ping_status":"open","sticky":false,"template":"","format":"standard","meta":{"footnotes":""},"categories":[86,40],"tags":[],"class_list":["post-70661","post","type-post","status-publish","format-standard","has-post-thumbnail","hentry","category-europa","category-internacionales"],"_links":{"self":[{"href":"https:\/\/2horizontes.com\/index.php?rest_route=\/wp\/v2\/posts\/70661","targetHints":{"allow":["GET"]}}],"collection":[{"href":"https:\/\/2horizontes.com\/index.php?rest_route=\/wp\/v2\/posts"}],"about":[{"href":"https:\/\/2horizontes.com\/index.php?rest_route=\/wp\/v2\/types\/post"}],"author":[{"embeddable":true,"href":"https:\/\/2horizontes.com\/index.php?rest_route=\/wp\/v2\/users\/44079"}],"replies":[{"embeddable":true,"href":"https:\/\/2horizontes.com\/index.php?rest_route=%2Fwp%2Fv2%2Fcomments&post=70661"}],"version-history":[{"count":1,"href":"https:\/\/2horizontes.com\/index.php?rest_route=\/wp\/v2\/posts\/70661\/revisions"}],"predecessor-version":[{"id":70663,"href":"https:\/\/2horizontes.com\/index.php?rest_route=\/wp\/v2\/posts\/70661\/revisions\/70663"}],"wp:featuredmedia":[{"embeddable":true,"href":"https:\/\/2horizontes.com\/index.php?rest_route=\/wp\/v2\/media\/70662"}],"wp:attachment":[{"href":"https:\/\/2horizontes.com\/index.php?rest_route=%2Fwp%2Fv2%2Fmedia&parent=70661"}],"wp:term":[{"taxonomy":"category","embeddable":true,"href":"https:\/\/2horizontes.com\/index.php?rest_route=%2Fwp%2Fv2%2Fcategories&post=70661"},{"taxonomy":"post_tag","embeddable":true,"href":"https:\/\/2horizontes.com\/index.php?rest_route=%2Fwp%2Fv2%2Ftags&post=70661"}],"curies":[{"name":"wp","href":"https:\/\/api.w.org\/{rel}","templated":true}]}}