{"id":70658,"date":"2020-06-03T20:26:42","date_gmt":"2020-06-03T19:26:42","guid":{"rendered":"http:\/\/2horizontes.com\/?p=70658"},"modified":"2020-06-03T20:26:44","modified_gmt":"2020-06-03T19:26:44","slug":"algunos-pacientes-recuperados-del-covid-19-podrian-perder-para-siempre-los-sentidos-del-olfato-y-el-gusto","status":"publish","type":"post","link":"https:\/\/2horizontes.com\/?p=70658","title":{"rendered":"Algunos pacientes recuperados del covid-19 podr\u00edan perder para siempre los sentidos del olfato y el gusto"},"content":{"rendered":"\n<p>Algunos pacientes recuperados del covid-19 podr\u00edan no recuperar&nbsp;los sentidos del gusto y el olfato&nbsp;despu\u00e9s de que&nbsp;desaparezcan otros s\u00edntomas de la enfermedad,&nbsp;<a href=\"https:\/\/www.wsj.com\/articles\/coronavirus-patients-lose-senses-of-taste-smelland-havent-gotten-them-back-11591007522\" target=\"_blank\" rel=\"noreferrer noopener\">public\u00f3<\/a>&nbsp;The Wall Street Journal citando a m\u00e9dicos estadounidenses.<\/p>\n\n\n\n<p>La&nbsp;p\u00e9rdida de olfato y de gusto figura en&nbsp;la lista oficial de s\u00edntomas de infecci\u00f3n por&nbsp;el SARS-CoV-2. Se cree que el s\u00edntoma&nbsp;<strong>puede persistir durante varias semanas<\/strong>&nbsp;despu\u00e9s de que el virus ingrese al cuerpo.<\/p>\n\n\n\n<p>Seg\u00fan datos preliminares, aproximadamente una cuarta parte de los pacientes\u00a0curados aseguran haber recuperado estos\u00a0sentidos en dos semanas tras la desaparici\u00f3n de otros s\u00edntomas. Todav\u00eda se necesitan datos a largo plazo para determinar la condici\u00f3n de aquellos pacientes que no informaron de una mejora, pero algunos m\u00e9dicos no excluyen que\u00a0<strong>para algunos la p\u00e9rdida del olfato sea irreversible<\/strong>.<\/p>\n\n\n\n<p>Danielle Reed, directora adjunta del Centro de Sentidos Qu\u00edmicos Monell en Filadelfia (Pensilvania), explic\u00f3 el fen\u00f3meno de la p\u00e9rdida de la capacidad de percibir olores y sabores explicando que se debe a&nbsp;<strong>una reacci\u00f3n protectora del cuerpo<\/strong>. La especialista sugiere que&nbsp;los receptores olfativos&nbsp;conectados al cerebro \u00abse suicidan\u00bb para detener la propagaci\u00f3n del virus.<\/p>\n\n\n\n<p>Un hombre de 23 a\u00f1os, Matt Newey, que se recuper\u00f3 del covid-19 en marzo,&nbsp;coment\u00f3 a The Wall Street Journal que&nbsp;<strong>est\u00e1 experimentando un estr\u00e9s grave&nbsp;<\/strong>debido a la p\u00e9rdida del olfato e incluso&nbsp;perdi\u00f3 peso porque comer se convirti\u00f3 para \u00e9l en un proceso laborioso.&nbsp;<\/p>\n\n\n\n<p>Pamela Dalton, cient\u00edfica quimiosensorial y miembro del Centro de Sentidos Qu\u00edmicos Monell, indic\u00f3, a su vez, que perder la capacidad de saborear u oler puede\u00a0<strong>desencadenar emociones negativas<\/strong>,ya que provoca que fluya menos serotonina al cerebro.<\/p>\n\n\n\n<p>Fuente: RT. <\/p>\n","protected":false},"excerpt":{"rendered":"<p>Algunos pacientes recuperados del covid-19 podr\u00edan no recuperar&nbsp;los sentidos del gusto y el olfato&nbsp;despu\u00e9s de que&nbsp;desaparezcan otros s\u00edntomas de la enfermedad,&nbsp;public\u00f3&nbsp;The Wall Street Journal citando a m\u00e9dicos estadounidenses. La&nbsp;p\u00e9rdida de olfato y de gusto figura en&nbsp;la lista oficial de s\u00edntomas de infecci\u00f3n por&nbsp;el SARS-CoV-2. Se cree que el s\u00edntoma&nbsp;puede persistir durante varias semanas&nbsp;despu\u00e9s de que [&hellip;]<\/p>\n","protected":false},"author":44079,"featured_media":70659,"comment_status":"open","ping_status":"open","sticky":false,"template":"","format":"standard","meta":{"footnotes":""},"categories":[40,45],"tags":[],"class_list":["post-70658","post","type-post","status-publish","format-standard","has-post-thumbnail","hentry","category-internacionales","category-salud"],"_links":{"self":[{"href":"https:\/\/2horizontes.com\/index.php?rest_route=\/wp\/v2\/posts\/70658","targetHints":{"allow":["GET"]}}],"collection":[{"href":"https:\/\/2horizontes.com\/index.php?rest_route=\/wp\/v2\/posts"}],"about":[{"href":"https:\/\/2horizontes.com\/index.php?rest_route=\/wp\/v2\/types\/post"}],"author":[{"embeddable":true,"href":"https:\/\/2horizontes.com\/index.php?rest_route=\/wp\/v2\/users\/44079"}],"replies":[{"embeddable":true,"href":"https:\/\/2horizontes.com\/index.php?rest_route=%2Fwp%2Fv2%2Fcomments&post=70658"}],"version-history":[{"count":1,"href":"https:\/\/2horizontes.com\/index.php?rest_route=\/wp\/v2\/posts\/70658\/revisions"}],"predecessor-version":[{"id":70660,"href":"https:\/\/2horizontes.com\/index.php?rest_route=\/wp\/v2\/posts\/70658\/revisions\/70660"}],"wp:featuredmedia":[{"embeddable":true,"href":"https:\/\/2horizontes.com\/index.php?rest_route=\/wp\/v2\/media\/70659"}],"wp:attachment":[{"href":"https:\/\/2horizontes.com\/index.php?rest_route=%2Fwp%2Fv2%2Fmedia&parent=70658"}],"wp:term":[{"taxonomy":"category","embeddable":true,"href":"https:\/\/2horizontes.com\/index.php?rest_route=%2Fwp%2Fv2%2Fcategories&post=70658"},{"taxonomy":"post_tag","embeddable":true,"href":"https:\/\/2horizontes.com\/index.php?rest_route=%2Fwp%2Fv2%2Ftags&post=70658"}],"curies":[{"name":"wp","href":"https:\/\/api.w.org\/{rel}","templated":true}]}}