{"id":70648,"date":"2020-06-02T20:05:47","date_gmt":"2020-06-02T19:05:47","guid":{"rendered":"http:\/\/2horizontes.com\/?p=70648"},"modified":"2020-06-02T20:28:15","modified_gmt":"2020-06-02T19:28:15","slug":"direccion-federal-del-prm-en-europa-juramenta-a-ex-secretario-general-del-prd-en-italia-y-su-equipo","status":"publish","type":"post","link":"https:\/\/2horizontes.com\/?p=70648","title":{"rendered":"Direcci\u00f3n Federal del PRM en Europa  juramenta a ex Secretario General del PRD en Italia y su equipo"},"content":{"rendered":"\n<p>Madrid._&nbsp; El Lic. H\u00e9ctor B. Garc\u00eda, presidente federal en Europa del Partido Revolucionario Moderno (PRM), design\u00f3&nbsp; al Ing. Robinson Javier Paulino D\u00edaz, ex secretario general del Partido Revolucionario Dominicano (PRD) en Italia como director pol\u00edtico federal.&nbsp; A su vez fue juramentado con su estructura por el Dr. Juan Dur\u00e1n, coordinador federal del Movimiento Unidos por el Cambio.<\/p>\n\n\n\n<p>La estructura que acompa\u00f1a al Ing. Paulino, est\u00e1 conformada por un equipo de dirigentes de diferentes ciudades pertenecientes a la Regi\u00f3n del V\u00e9neto: Arisleyda Ma. Casta\u00f1o Garc\u00eda, Ramona Camilo Bonilla, Milciades Polanco de Aza, Jorge David Taveras Lugo, Fraulin Bautista, Miriam Caterina de Rossi, Gertrudis Maldonado Quezada, Amparo Antonia Fortuna, Lucia Gobbo, Francisco Orlando Concepci\u00f3n Lora, Delfin Alexander Bautista Dom\u00ednguez, y Clara Ma. D\u00edaz Tineo, Ram\u00f3n Balc\u00e1cer y Pablo Mendoza.<\/p>\n\n\n\n<p>El Lic. H\u00e9ctor Garc\u00eda motiv\u00f3 con sus palabras a fortalecer la unidad por el cambio, llevar el mensaje de proyecto presidencial de nuestro candidato Luis Abinader y a su vez incit\u00f3 a los nuevos integrantes a seguir conquistando el voto para ganar las elecciones en primera vuelta el pr\u00f3ximo 5 de Julio del 2020. El Dr. Jos\u00e9 Luis Encarnaci\u00f3n resalt\u00f3 el compromiso que asumen los juramentados con el desarrollo de la Rep\u00fablica Dominicana apoyando la candidatura de Luis Abinader.<\/p>\n\n\n\n<p>En el acto estuvo presente el Sr. Cristian Jim\u00e9nez, coordinador Unidos por el Cambio Espa\u00f1a, el empresario Santiago Arias, coordinador Movimiento Europeo ITO+Luis,  y Antonio G\u00f3mez, coordinador general del comando de campa\u00f1a del PRM Europa, quienes dieron la bienvenida a los juramentados.<\/p>\n\n\n\n<p>\u201cEs un honor juramentarme junto con mi equipo, quiero dar las gracias a la alta dirigencia del PRM en Europa que participar en esta juramentaci\u00f3n, y en modo particular a H\u00e9ctor Garc\u00eda y a Yudelka Santos, quienes junto a Carlos Gabriel Garc\u00eda me motivaron para unirme al equipo. El motivo de entrar a formar parte del PRM es porque entiendo que el \u00fanico candidato que representa los intereses de pueblo dominicano es Luis Abinader. Por esta raz\u00f3n he asumido el compromiso, junto a mi equipo de trabajo para luchar y conquistar el voto en Europa que llevar\u00e1 al poder a nuestro candidato del glorioso Partido Revolucionario Moderno\u201d expres\u00f3, Paulino D\u00edaz.<\/p>\n\n\n\n<figure class=\"wp-block-image size-large\"><img loading=\"lazy\" decoding=\"async\" width=\"510\" height=\"245\" src=\"http:\/\/2horizontes.com\/wp-content\/uploads\/2020\/06\/IMG-20200602-WA0029-510x245.jpg\" alt=\"\" class=\"wp-image-70652\" srcset=\"https:\/\/2horizontes.com\/wp-content\/uploads\/2020\/06\/IMG-20200602-WA0029-510x245.jpg 510w, https:\/\/2horizontes.com\/wp-content\/uploads\/2020\/06\/IMG-20200602-WA0029-300x144.jpg 300w, https:\/\/2horizontes.com\/wp-content\/uploads\/2020\/06\/IMG-20200602-WA0029-768x369.jpg 768w, https:\/\/2horizontes.com\/wp-content\/uploads\/2020\/06\/IMG-20200602-WA0029-1536x738.jpg 1536w, https:\/\/2horizontes.com\/wp-content\/uploads\/2020\/06\/IMG-20200602-WA0029.jpg 1600w\" sizes=\"auto, (max-width: 510px) 100vw, 510px\" \/><\/figure>\n\n\n\n<p>La juramentaci\u00f3n realizada v\u00eda plataforma online, estuvo moderada por Yudelka Santos y estuvieron presentes dirigentes de varias ciudades europeas miembros de la directiva de&nbsp;<em>Unidos por el Cambio<\/em>: Ing. Antonio G\u00f3mez Coordinador General del Comando de Campa\u00f1a PRM, Dr. Ram\u00f3n Ceballos candidato a Diputado del PRM por la circunscripci\u00f3n 2, Frizio Burgos, candidato a Diputado de Ultramar por DxC&nbsp;, Ricardo Zorrilla coordinador Unidos por el Cambio Italia, Santa Victoria P\u00e9rez Bautista, sub coordinadora Unidos por el Cambio Italia, Howard Mart\u00ednez, director ejecutivo Unidos por el Cambio Italia, Dr. Jos\u00e9 Luis Encarnaci\u00f3n, director ejecutivo Unidos por el Cambio EUROPA, Magdalena Gonz\u00e1lez, coordinadora Unidos por el Cambio Alemania, Julio Cesar regalado, coordinador comando de campa\u00f1a Italia, y Dr. Ariosto Meza. &nbsp;<\/p>\n\n\n\n<figure class=\"wp-block-image size-large\"><img loading=\"lazy\" decoding=\"async\" width=\"510\" height=\"245\" src=\"http:\/\/2horizontes.com\/wp-content\/uploads\/2020\/06\/IMG-20200602-WA0028-510x245.jpg\" alt=\"\" class=\"wp-image-70653\" srcset=\"https:\/\/2horizontes.com\/wp-content\/uploads\/2020\/06\/IMG-20200602-WA0028-510x245.jpg 510w, https:\/\/2horizontes.com\/wp-content\/uploads\/2020\/06\/IMG-20200602-WA0028-300x144.jpg 300w, https:\/\/2horizontes.com\/wp-content\/uploads\/2020\/06\/IMG-20200602-WA0028-768x369.jpg 768w, https:\/\/2horizontes.com\/wp-content\/uploads\/2020\/06\/IMG-20200602-WA0028-1536x738.jpg 1536w, https:\/\/2horizontes.com\/wp-content\/uploads\/2020\/06\/IMG-20200602-WA0028.jpg 1600w\" sizes=\"auto, (max-width: 510px) 100vw, 510px\" \/><\/figure>\n\n\n\n<p>Otros invitados presentes fueron: Carlos Almonte, Sandor Mercedes, Sael Reyes, Carmen Concepci\u00f3n, Yesenia Cuevas, Yasirys Cuevas, Ortopeda Iv\u00e1n G\u00f3mez Nin, Juan Menez, Laura Mej\u00eda, entre otros militantes y simpatizantes.<\/p>\n","protected":false},"excerpt":{"rendered":"<p>Madrid._&nbsp; El Lic. H\u00e9ctor B. Garc\u00eda, presidente federal en Europa del Partido Revolucionario Moderno (PRM), design\u00f3&nbsp; al Ing. Robinson Javier Paulino D\u00edaz, ex secretario general del Partido Revolucionario Dominicano (PRD) en Italia como director pol\u00edtico federal.&nbsp; A su vez fue juramentado con su estructura por el Dr. Juan Dur\u00e1n, coordinador federal del Movimiento Unidos por [&hellip;]<\/p>\n","protected":false},"author":1,"featured_media":70651,"comment_status":"open","ping_status":"open","sticky":false,"template":"","format":"standard","meta":{"footnotes":""},"categories":[46,86,43],"tags":[],"class_list":["post-70648","post","type-post","status-publish","format-standard","has-post-thumbnail","hentry","category-dominicanos-en-madrid","category-europa","category-politica"],"_links":{"self":[{"href":"https:\/\/2horizontes.com\/index.php?rest_route=\/wp\/v2\/posts\/70648","targetHints":{"allow":["GET"]}}],"collection":[{"href":"https:\/\/2horizontes.com\/index.php?rest_route=\/wp\/v2\/posts"}],"about":[{"href":"https:\/\/2horizontes.com\/index.php?rest_route=\/wp\/v2\/types\/post"}],"author":[{"embeddable":true,"href":"https:\/\/2horizontes.com\/index.php?rest_route=\/wp\/v2\/users\/1"}],"replies":[{"embeddable":true,"href":"https:\/\/2horizontes.com\/index.php?rest_route=%2Fwp%2Fv2%2Fcomments&post=70648"}],"version-history":[{"count":3,"href":"https:\/\/2horizontes.com\/index.php?rest_route=\/wp\/v2\/posts\/70648\/revisions"}],"predecessor-version":[{"id":70656,"href":"https:\/\/2horizontes.com\/index.php?rest_route=\/wp\/v2\/posts\/70648\/revisions\/70656"}],"wp:featuredmedia":[{"embeddable":true,"href":"https:\/\/2horizontes.com\/index.php?rest_route=\/wp\/v2\/media\/70651"}],"wp:attachment":[{"href":"https:\/\/2horizontes.com\/index.php?rest_route=%2Fwp%2Fv2%2Fmedia&parent=70648"}],"wp:term":[{"taxonomy":"category","embeddable":true,"href":"https:\/\/2horizontes.com\/index.php?rest_route=%2Fwp%2Fv2%2Fcategories&post=70648"},{"taxonomy":"post_tag","embeddable":true,"href":"https:\/\/2horizontes.com\/index.php?rest_route=%2Fwp%2Fv2%2Ftags&post=70648"}],"curies":[{"name":"wp","href":"https:\/\/api.w.org\/{rel}","templated":true}]}}