{"id":70643,"date":"2020-06-02T12:21:18","date_gmt":"2020-06-02T11:21:18","guid":{"rendered":"http:\/\/2horizontes.com\/?p=70643"},"modified":"2020-06-02T12:21:20","modified_gmt":"2020-06-02T11:21:20","slug":"autopsia-oficial-de-george-floyd-confirma-que-su-muerte-fue-un-homicidio","status":"publish","type":"post","link":"https:\/\/2horizontes.com\/?p=70643","title":{"rendered":"Autopsia oficial de George Floyd confirma que su muerte fue un \u00abhomicidio\u00bb"},"content":{"rendered":"\n<p>El m\u00e9dico forense del condado de Hennepin (Minnesota)&nbsp;<a href=\"https:\/\/content.govdelivery.com\/attachments\/MNHENNE\/2020\/06\/01\/file_attachments\/1464238\/2020-3700%20Floyd,%20George%20Perry%20Update%206.1.2020.pdf\" target=\"_blank\" rel=\"noreferrer noopener\">ha determinado<\/a>&nbsp;este 1 de junio que la muerte de George Floyd fue un homicidio, causado por un paro card\u00edaco y respiratorio que ocurri\u00f3 cuando los agentes lo detuvieron.<\/p>\n\n\n\n<p>De acuerdo con el informe de la autopsia, George, de 46 a\u00f1os,&nbsp;<a href=\"https:\/\/actualidad.rt.com\/actualidad\/354419-video-muerte-hombre-policia-coloca-rodilla-cuello\" target=\"_blank\" rel=\"noreferrer noopener\">muri\u00f3<\/a>&nbsp;como consecuencia de \u00abun&nbsp;<strong>paro cardiopulmonar<\/strong>\u00bb que ocurri\u00f3 mientras estaba siendo reducido por un agente de la ley (o varios) que lo inmoviliz\u00f3 y aplic\u00f3 \u00abcompresi\u00f3n en el cuello\u00bb.<\/p>\n\n\n\n<p>Adem\u00e1s, el informe enumera otras afecciones de salud importantes de Floyd: \u00abenfermedad card\u00edaca arterioscler\u00f3tica e hipertensiva;&nbsp;<strong>intoxicaci\u00f3n por fentanilo<\/strong>; uso reciente de&nbsp;<strong>metanfetamina<\/strong>\u00ab.<\/p>\n\n\n\n<p>El informe del m\u00e9dico forense del condado de Hennepin tambi\u00e9n se\u00f1ala que \u00abla forma de la muerte [homicidio] no es una determinaci\u00f3n legal de culpabilidad\u00bb, por lo que \u00abno debe usarse para supeditar el proceso judicial\u00bb.<\/p>\n\n\n\n<p>El informe de la autopsia ha sido publicado poco despu\u00e9s de que otro&nbsp;<a href=\"https:\/\/actualidad.rt.com\/actualidad\/355150-autopsia-determinar-muerte-george-floyd-homicidio-asfixia-cuello\" target=\"_blank\" rel=\"noreferrer noopener\">examen independiente<\/a>, encargado por la familia de Floyd, que concluy\u00f3 que su muerte fue \u00abun&nbsp;<strong>homicidio causado por asfixia debido a la compresi\u00f3n del cuello y la espalda<\/strong>&nbsp;que condujo a una falta de flujo sangu\u00edneo al cerebro\u00bb, durante la detenci\u00f3n por el agente de la Polic\u00eda de Mine\u00e1polis, Derek Chauvin.<\/p>\n\n\n\n<p>Cabe mencionar que el\u00a0<a rel=\"noreferrer noopener\" href=\"https:\/\/www.hennepinattorney.org\/-\/media\/Attorney\/Derek-Chauvin-Criminal-Complaint.pdf\" target=\"_blank\">informe preliminar<\/a>\u00a0del forense de Hennepin se\u00f1alaba que no se hab\u00edan encontrado pruebas f\u00edsicas que respaldaran un diagn\u00f3stico de asfixia traum\u00e1tica o estrangulamiento, sino que se aleg\u00f3 que la muerte ocurri\u00f3 como resultado de la combinaci\u00f3n de las circunstancias de su detenci\u00f3n, problemas de salud y, probablemente, sustancias t\u00f3xicas que habr\u00eda consumido la v\u00edctima.<\/p>\n\n\n\n<ul class=\"wp-block-list\"><li>La\u00a0<a rel=\"noreferrer noopener\" href=\"https:\/\/actualidad.rt.com\/actualidad\/354419-video-muerte-hombre-policia-coloca-rodilla-cuello\" target=\"_blank\">muerte<\/a>\u00a0de George Floyd caus\u00f3 protestas masivas en varias ciudades de EE.UU., algunas de las cuales terminaron en disturbios y saqueos<\/li><li>Derek Chauvin, al agente que presiono el cuello de\u00a0Floyd durante la detenci\u00f3n,\u00a0<a href=\"https:\/\/actualidad.rt.com\/actualidad\/354871-arrestar-oficial-cuello-george-floyd-muerte\">fue arrestado<\/a>\u00a0el viernes 29 de mayo y se le ha\u00a0<a rel=\"noreferrer noopener\" href=\"https:\/\/actualidad.rt.com\/actualidad\/354925-esposa-derek-chauvin-policia-arrestado-pide-divoircio\" target=\"_blank\">acusado<\/a>\u00a0de asesinato y homicidio involuntario de tercer grado.<\/li><\/ul>\n\n\n\n<p>Fuente: RT. <\/p>\n","protected":false},"excerpt":{"rendered":"<p>El m\u00e9dico forense del condado de Hennepin (Minnesota)&nbsp;ha determinado&nbsp;este 1 de junio que la muerte de George Floyd fue un homicidio, causado por un paro card\u00edaco y respiratorio que ocurri\u00f3 cuando los agentes lo detuvieron. De acuerdo con el informe de la autopsia, George, de 46 a\u00f1os,&nbsp;muri\u00f3&nbsp;como consecuencia de \u00abun&nbsp;paro cardiopulmonar\u00bb que ocurri\u00f3 mientras estaba [&hellip;]<\/p>\n","protected":false},"author":44079,"featured_media":70644,"comment_status":"open","ping_status":"open","sticky":false,"template":"","format":"standard","meta":{"footnotes":""},"categories":[40],"tags":[],"class_list":["post-70643","post","type-post","status-publish","format-standard","has-post-thumbnail","hentry","category-internacionales"],"_links":{"self":[{"href":"https:\/\/2horizontes.com\/index.php?rest_route=\/wp\/v2\/posts\/70643","targetHints":{"allow":["GET"]}}],"collection":[{"href":"https:\/\/2horizontes.com\/index.php?rest_route=\/wp\/v2\/posts"}],"about":[{"href":"https:\/\/2horizontes.com\/index.php?rest_route=\/wp\/v2\/types\/post"}],"author":[{"embeddable":true,"href":"https:\/\/2horizontes.com\/index.php?rest_route=\/wp\/v2\/users\/44079"}],"replies":[{"embeddable":true,"href":"https:\/\/2horizontes.com\/index.php?rest_route=%2Fwp%2Fv2%2Fcomments&post=70643"}],"version-history":[{"count":1,"href":"https:\/\/2horizontes.com\/index.php?rest_route=\/wp\/v2\/posts\/70643\/revisions"}],"predecessor-version":[{"id":70645,"href":"https:\/\/2horizontes.com\/index.php?rest_route=\/wp\/v2\/posts\/70643\/revisions\/70645"}],"wp:featuredmedia":[{"embeddable":true,"href":"https:\/\/2horizontes.com\/index.php?rest_route=\/wp\/v2\/media\/70644"}],"wp:attachment":[{"href":"https:\/\/2horizontes.com\/index.php?rest_route=%2Fwp%2Fv2%2Fmedia&parent=70643"}],"wp:term":[{"taxonomy":"category","embeddable":true,"href":"https:\/\/2horizontes.com\/index.php?rest_route=%2Fwp%2Fv2%2Fcategories&post=70643"},{"taxonomy":"post_tag","embeddable":true,"href":"https:\/\/2horizontes.com\/index.php?rest_route=%2Fwp%2Fv2%2Ftags&post=70643"}],"curies":[{"name":"wp","href":"https:\/\/api.w.org\/{rel}","templated":true}]}}