{"id":70627,"date":"2020-06-01T18:58:34","date_gmt":"2020-06-01T17:58:34","guid":{"rendered":"http:\/\/2horizontes.com\/?p=70627"},"modified":"2020-06-01T19:00:43","modified_gmt":"2020-06-01T18:00:43","slug":"peralta-vamos-a-las-elecciones-mas-renidas-que-ha-tenido-el-pais-en-los-ultimos-24-anos","status":"publish","type":"post","link":"https:\/\/2horizontes.com\/?p=70627","title":{"rendered":"Rep\u00fablica Dominicana: Peralta: \u201cVamos a las elecciones m\u00e1s re\u00f1idas que ha tenido el pa\u00eds en los \u00faltimos 24 a\u00f1os\u201d"},"content":{"rendered":"\n<p>El ministro administrativo de la Presidencia, Jos\u00e9 Ram\u00f3n Peralta, considera que las elecciones del pr\u00f3ximo 5 de julio ser\u00e1n las m\u00e1s re\u00f1idas que ha tenido el pa\u00eds en los \u00faltimos 24 a\u00f1os.<\/p>\n\n\n\n<p>Durante una entrevista realizada este lunes en el programa Matinal 5, del Grupo Telemicro, Peralta manifest\u00f3 que \u201csin lugar a dudas\u201d en esos comicios se dar\u00e1 la mayor polarizaci\u00f3n pol\u00edtica en todos estos tiempos, refiri\u00e9ndose al proceso por el cual la opini\u00f3n p\u00fablica se divide en dos extremos opuestos.<\/p>\n\n\n\n<p>\u201cHoy habr\u00e1 una polarizaci\u00f3n que en los pr\u00f3ximos d\u00edas se va a profundizar y en estos momentos puede apuntar a una segunda vuelta. Solo en el caso de que se profundice tanto y que la votaci\u00f3n de la tercera fuerza no baje, pudiera entonces haber una segunda vuelta, cosa que no ha sucedido desde el a\u00f1o 1996\u201d, recordando el funcionario que desde ese a\u00f1o todas las elecciones presidenciales se han ganado en primera vuelta.<\/p>\n\n\n\n<p>En las elecciones del 5 de julio se disputar\u00e1n la presidencia de Rep\u00fablica Dominicana los candidatos Gonzalo Castillo, del Partido de la Liberaci\u00f3n Dominicana (PLD); Luis Abinader, del Partido Revolucionario Moderno (PRM); Leonel Fern\u00e1ndez, de la Fuerza del Pueblo; Guillermo Moreno, de Alianza Pa\u00eds; Ismael Reyes del PDI y Juan Cohen Sander, del PNVC.\u00a0<\/p>\n\n\n\n<p>Fuente: List\u00edn Diario. <\/p>\n","protected":false},"excerpt":{"rendered":"<p>El ministro administrativo de la Presidencia, Jos\u00e9 Ram\u00f3n Peralta, considera que las elecciones del pr\u00f3ximo 5 de julio ser\u00e1n las m\u00e1s re\u00f1idas que ha tenido el pa\u00eds en los \u00faltimos 24 a\u00f1os. Durante una entrevista realizada este lunes en el programa Matinal 5, del Grupo Telemicro, Peralta manifest\u00f3 que \u201csin lugar a dudas\u201d en esos [&hellip;]<\/p>\n","protected":false},"author":44079,"featured_media":70628,"comment_status":"open","ping_status":"open","sticky":false,"template":"","format":"standard","meta":{"footnotes":""},"categories":[43,44],"tags":[],"class_list":["post-70627","post","type-post","status-publish","format-standard","has-post-thumbnail","hentry","category-politica","category-republica-dominicana"],"_links":{"self":[{"href":"https:\/\/2horizontes.com\/index.php?rest_route=\/wp\/v2\/posts\/70627","targetHints":{"allow":["GET"]}}],"collection":[{"href":"https:\/\/2horizontes.com\/index.php?rest_route=\/wp\/v2\/posts"}],"about":[{"href":"https:\/\/2horizontes.com\/index.php?rest_route=\/wp\/v2\/types\/post"}],"author":[{"embeddable":true,"href":"https:\/\/2horizontes.com\/index.php?rest_route=\/wp\/v2\/users\/44079"}],"replies":[{"embeddable":true,"href":"https:\/\/2horizontes.com\/index.php?rest_route=%2Fwp%2Fv2%2Fcomments&post=70627"}],"version-history":[{"count":2,"href":"https:\/\/2horizontes.com\/index.php?rest_route=\/wp\/v2\/posts\/70627\/revisions"}],"predecessor-version":[{"id":70630,"href":"https:\/\/2horizontes.com\/index.php?rest_route=\/wp\/v2\/posts\/70627\/revisions\/70630"}],"wp:featuredmedia":[{"embeddable":true,"href":"https:\/\/2horizontes.com\/index.php?rest_route=\/wp\/v2\/media\/70628"}],"wp:attachment":[{"href":"https:\/\/2horizontes.com\/index.php?rest_route=%2Fwp%2Fv2%2Fmedia&parent=70627"}],"wp:term":[{"taxonomy":"category","embeddable":true,"href":"https:\/\/2horizontes.com\/index.php?rest_route=%2Fwp%2Fv2%2Fcategories&post=70627"},{"taxonomy":"post_tag","embeddable":true,"href":"https:\/\/2horizontes.com\/index.php?rest_route=%2Fwp%2Fv2%2Ftags&post=70627"}],"curies":[{"name":"wp","href":"https:\/\/api.w.org\/{rel}","templated":true}]}}