{"id":70619,"date":"2020-06-01T18:24:57","date_gmt":"2020-06-01T17:24:57","guid":{"rendered":"http:\/\/2horizontes.com\/?p=70619"},"modified":"2020-06-01T18:24:58","modified_gmt":"2020-06-01T17:24:58","slug":"la-oms-anuncia-que-hay-un-nuevo-brote-de-ebola-en-republica-democratica-del-congo","status":"publish","type":"post","link":"https:\/\/2horizontes.com\/?p=70619","title":{"rendered":"La OMS anuncia que hay un nuevo brote de \u00e9bola en Rep\u00fablica Democr\u00e1tica del Congo"},"content":{"rendered":"\n<p>Un nuevo brote de \u00e9bola ha sido detectado en el oeste de la Rep\u00fablica Democr\u00e1tica del Congo, cerca de Mbandaka, en la provincia de&nbsp;<strong>\u00c9quateur<\/strong>\u00ab, ha comunicado el director general de la OMS, Tedros Adhanom Ghebreyesus, mediante su cuenta de Twitter.<\/p>\n\n\n\n<p>El responsable de ese organismo de la ONU ha precisado que el Ministerio de Salud de ese pa\u00eds de \u00c1frica ha identificado&nbsp;<strong>seis casos<\/strong>&nbsp;de \u00e9bola, de los cuales cuatro tuvieron consecuencias fatales.<\/p>\n\n\n\n<p>Adhanom Ghebreyesus ha se\u00f1alado que este brote tiene lugar mientras la Rep\u00fablica Democr\u00e1tica del Congo se encuentra en la&nbsp;<strong>fase final<\/strong>&nbsp;de su lucha contra el virus del \u00c9bola en el este del pa\u00eds, al tiempo que combate la pandemia de&nbsp;<a href=\"https:\/\/actualidad.rt.com\/tag\/Coronavirus\">covid-19<\/a>&nbsp;y \u00abel brote de sarampi\u00f3n m\u00e1s grande del mundo\u00bb.<a href=\"https:\/\/twitter.com\/DrTedros\"><\/a><a href=\"https:\/\/twitter.com\/DrTedros\"><strong>Tedros Adhanom Ghebreyesus<\/strong><strong>&#x2714;<\/strong>@DrTedros<\/a><a href=\"https:\/\/twitter.com\/DrTedros\/status\/1267446244793888769\"><\/a><\/p>\n\n\n\n<p>A new <a href=\"https:\/\/twitter.com\/hashtag\/Ebola?src=hash\">#Ebola<\/a> outbreak detected in western <a href=\"https:\/\/twitter.com\/hashtag\/DRC?src=hash\">#DRC<\/a>, near Mbandaka, \u00c9quateur province. <a href=\"https:\/\/twitter.com\/MinSanteRDC\">@MinSanteRDC<\/a> has identified 6 cases, of which 4 people have died. The country is also in final phase of battling Ebola in eastern DRC, <a href=\"https:\/\/twitter.com\/hashtag\/COVID19?src=hash\">#COVID19<\/a> &amp; the world\u2019s largest measles outbreak.<a href=\"https:\/\/twitter.com\/intent\/like?tweet_id=1267446244793888769\">2.017<\/a><a href=\"https:\/\/twitter.com\/DrTedros\/status\/1267446244793888769\"><time datetime=\"2020-06-01T13:21:47+0000\">15:21 &#8211; 1 jun. 2020<\/time><\/a><a href=\"https:\/\/support.twitter.com\/articles\/20175256\">Informaci\u00f3n y privacidad de Twitter Ads<\/a><a href=\"https:\/\/twitter.com\/DrTedros\/status\/1267446244793888769\">1.432 personas est\u00e1n hablando de esto<\/a><\/p>\n\n\n\n<p>La Rep\u00fablica Democr\u00e1tica del Congo intenta desde hace casi\u00a0<strong>dos a\u00f1os<\/strong>\u00a0poner fin al brote de \u00e9bola cerca de sus fronteras orientales con Ruanda y Uganda, una crisis sanitaria que ha costado la vida a m\u00e1s de<strong>\u00a02.200 personas<\/strong>\u00a0en una zona donde no se han detectado nuevos casos en m\u00e1s de un mes.<\/p>\n\n\n\n<p>Fuente: RT.<\/p>\n","protected":false},"excerpt":{"rendered":"<p>Un nuevo brote de \u00e9bola ha sido detectado en el oeste de la Rep\u00fablica Democr\u00e1tica del Congo, cerca de Mbandaka, en la provincia de&nbsp;\u00c9quateur\u00ab, ha comunicado el director general de la OMS, Tedros Adhanom Ghebreyesus, mediante su cuenta de Twitter. El responsable de ese organismo de la ONU ha precisado que el Ministerio de Salud [&hellip;]<\/p>\n","protected":false},"author":44079,"featured_media":70620,"comment_status":"open","ping_status":"open","sticky":false,"template":"","format":"standard","meta":{"footnotes":""},"categories":[1],"tags":[],"class_list":["post-70619","post","type-post","status-publish","format-standard","has-post-thumbnail","hentry","category-entretenimiento"],"_links":{"self":[{"href":"https:\/\/2horizontes.com\/index.php?rest_route=\/wp\/v2\/posts\/70619","targetHints":{"allow":["GET"]}}],"collection":[{"href":"https:\/\/2horizontes.com\/index.php?rest_route=\/wp\/v2\/posts"}],"about":[{"href":"https:\/\/2horizontes.com\/index.php?rest_route=\/wp\/v2\/types\/post"}],"author":[{"embeddable":true,"href":"https:\/\/2horizontes.com\/index.php?rest_route=\/wp\/v2\/users\/44079"}],"replies":[{"embeddable":true,"href":"https:\/\/2horizontes.com\/index.php?rest_route=%2Fwp%2Fv2%2Fcomments&post=70619"}],"version-history":[{"count":1,"href":"https:\/\/2horizontes.com\/index.php?rest_route=\/wp\/v2\/posts\/70619\/revisions"}],"predecessor-version":[{"id":70621,"href":"https:\/\/2horizontes.com\/index.php?rest_route=\/wp\/v2\/posts\/70619\/revisions\/70621"}],"wp:featuredmedia":[{"embeddable":true,"href":"https:\/\/2horizontes.com\/index.php?rest_route=\/wp\/v2\/media\/70620"}],"wp:attachment":[{"href":"https:\/\/2horizontes.com\/index.php?rest_route=%2Fwp%2Fv2%2Fmedia&parent=70619"}],"wp:term":[{"taxonomy":"category","embeddable":true,"href":"https:\/\/2horizontes.com\/index.php?rest_route=%2Fwp%2Fv2%2Fcategories&post=70619"},{"taxonomy":"post_tag","embeddable":true,"href":"https:\/\/2horizontes.com\/index.php?rest_route=%2Fwp%2Fv2%2Ftags&post=70619"}],"curies":[{"name":"wp","href":"https:\/\/api.w.org\/{rel}","templated":true}]}}