{"id":70610,"date":"2020-05-31T20:23:23","date_gmt":"2020-05-31T19:23:23","guid":{"rendered":"http:\/\/2horizontes.com\/?p=70610"},"modified":"2020-05-31T20:23:25","modified_gmt":"2020-05-31T19:23:25","slug":"espana-pedro-sanchez-comunica-su-decision-de-prolongar-el-estado-de-alarma-hasta-el-21-de-junio","status":"publish","type":"post","link":"https:\/\/2horizontes.com\/?p=70610","title":{"rendered":"Espa\u00f1a: Pedro S\u00e1nchez comunica su decisi\u00f3n de prolongar el estado de alarma hasta el 21 de junio"},"content":{"rendered":"\n<p>El presidente del Gobierno espa\u00f1ol, Pedro S\u00e1nchez, ha comunicado a los presidentes de las comunidades y ciudades aut\u00f3nomas del pa\u00eds que pedir\u00e1 al Congreso una sexta y \u00faltima pr\u00f3rroga del estado de alarma por la pandemia de&nbsp;<a href=\"https:\/\/actualidad.rt.com\/tag\/Coronavirus\" target=\"_blank\" rel=\"noreferrer noopener\">covid-19<\/a>, que se prolongar\u00eda hasta el 21 de junio.<\/p>\n\n\n\n<p>As\u00ed lo coment\u00f3 este domingo durante una reuni\u00f3n por videoconferencia mantenida con los l\u00edderes regionales desde la Moncloa, informaron fuentes presentes en la reuni\u00f3n telem\u00e1tica citadas por&nbsp;<a href=\"https:\/\/www.elmundo.es\/ciencia-y-salud\/salud\/2020\/05\/31\/5ed3561021efa0ef4e8b45e8.html\" target=\"_blank\" rel=\"noreferrer noopener\">El Mundo<\/a>.<\/p>\n\n\n\n<p>S\u00e1nchez, que cuenta con el apoyo de ERC y del PNV para sacar adelante la votaci\u00f3n sobre el estado de alarma, explic\u00f3 que los expertos recomiendan dos semanas m\u00e1s de&nbsp;<strong>limitaci\u00f3n de movilidad<\/strong>. Esto significa que la pr\u00f3rroga se extender\u00eda hasta el 21 de junio, coincidiendo con el inicio del verano.<\/p>\n\n\n\n<p>Por otra parte, el mandatario ha pedido \u00abprudencia\u00bb a sus interlocutores pese a los datos sanitarios \u00abesperanzadores\u00bb de los \u00faltimos siete d\u00edas, en los que se ha constatado una disminuci\u00f3n notable de la incidencia del virus, con 43 fallecidos y 320 contagios por la nueva enfermedad.<\/p>\n\n\n\n<p>La pandemia del covid-19&nbsp;<a href=\"https:\/\/actualidad.rt.com\/actualidad\/354955-espana-cuatro-muertes-271-infectados-coronavirus\" target=\"_blank\" rel=\"noreferrer noopener\">ha causado<\/a>&nbsp;27.125 muertes y ha dejado un total de 239.228 infectados en Espa\u00f1a, una de las naciones m\u00e1s azotadas de Europa por el coronavirus. Al menos 150.300 personas se han recuperado desde el inicio del brote.<br><br>Madrid, Catalu\u00f1a y Andaluc\u00eda son las comunidades aut\u00f3nomas m\u00e1s castigadas por el virus, acumulando entre las tres cerca del 58 % del total de infectados. Asimismo, en la \u00faltima semana diez personas con coronavirus han ingresado en la Unidad de Cuidados Intensivos (UCI) de distintos hospitales del territorio espa\u00f1ol.<\/p>\n\n\n\n<p>A partir de la pr\u00f3xima semana, cuatro islas (Formentera en Baleares y La Graciosa, La Gomera y El Hierro en Canarias) pasar\u00e1n a la \u00faltima etapa de la desescalada, la fase III, mientras que un total de 32 millones de personas (el 70 % de la poblaci\u00f3n espa\u00f1ola) pasar\u00e1 a la fase II.<\/p>\n\n\n\n<p>En la fase I quedar\u00e1n solo los habitantes de la Comunidad de Madrid; los de Barcelona, su \u00e1rea metropolitana y L\u00e9rida en Catalu\u00f1a; y los de casi toda Castilla Le\u00f3n. En total, cerca de 15 millones de personas.<\/p>\n\n\n\n<p>Esta semana tambi\u00e9n&nbsp;<a href=\"https:\/\/actualidad.rt.com\/actualidad\/354788-espana-ingreso-minimo-vital-familias-pobreza\" target=\"_blank\" rel=\"noreferrer noopener\">se ha aprobado<\/a>&nbsp;el Ingreso M\u00ednimo Vital, un proyecto que las dos formaciones que integran el Gobierno, el Partido Socialista y Unidas Podemos, llevaban en su programa electoral. Se trata de una medida que garantizar\u00e1 ingresos de entre 460 y 1.015 euros, dependiendo de la composici\u00f3n de las familias, para luchar contra la pobreza. Se estima que&nbsp;<strong>beneficiar\u00e1 a unos 850.000 hogares<\/strong>&nbsp;y que supondr\u00e1 un coste de alrededor de 3.000 millones de euros para las arcas p\u00fablicas.<\/p>\n\n\n\n<p>Tras su aprobaci\u00f3n en el Consejo de Ministros de este viernes, el presidente del Gobierno, Pedro S\u00e1nchez, dijo que se trata de una medida \u00abhist\u00f3rica\u00bb en la democracia espa\u00f1ola, un \u00abnuevo pilar\u00bb del Estado de Bienestar \u00abque har\u00e1 de Espa\u00f1a un pa\u00eds m\u00e1s justo y solidario\u00bb. Por su parte, el vicepresidente segundo, Pablo Iglesias, ha declarado que se trata de \u00abun d\u00eda hist\u00f3rico\u00bb, porque \u00abnace un nuevo derecho social en Espa\u00f1a\u00bb.<\/p>\n\n\n\n<p>Fuente: RT.<\/p>\n","protected":false},"excerpt":{"rendered":"<p>El presidente del Gobierno espa\u00f1ol, Pedro S\u00e1nchez, ha comunicado a los presidentes de las comunidades y ciudades aut\u00f3nomas del pa\u00eds que pedir\u00e1 al Congreso una sexta y \u00faltima pr\u00f3rroga del estado de alarma por la pandemia de&nbsp;covid-19, que se prolongar\u00eda hasta el 21 de junio. As\u00ed lo coment\u00f3 este domingo durante una reuni\u00f3n por videoconferencia [&hellip;]<\/p>\n","protected":false},"author":44079,"featured_media":70341,"comment_status":"open","ping_status":"open","sticky":false,"template":"","format":"standard","meta":{"footnotes":""},"categories":[85],"tags":[],"class_list":["post-70610","post","type-post","status-publish","format-standard","has-post-thumbnail","hentry","category-espana"],"_links":{"self":[{"href":"https:\/\/2horizontes.com\/index.php?rest_route=\/wp\/v2\/posts\/70610","targetHints":{"allow":["GET"]}}],"collection":[{"href":"https:\/\/2horizontes.com\/index.php?rest_route=\/wp\/v2\/posts"}],"about":[{"href":"https:\/\/2horizontes.com\/index.php?rest_route=\/wp\/v2\/types\/post"}],"author":[{"embeddable":true,"href":"https:\/\/2horizontes.com\/index.php?rest_route=\/wp\/v2\/users\/44079"}],"replies":[{"embeddable":true,"href":"https:\/\/2horizontes.com\/index.php?rest_route=%2Fwp%2Fv2%2Fcomments&post=70610"}],"version-history":[{"count":1,"href":"https:\/\/2horizontes.com\/index.php?rest_route=\/wp\/v2\/posts\/70610\/revisions"}],"predecessor-version":[{"id":70611,"href":"https:\/\/2horizontes.com\/index.php?rest_route=\/wp\/v2\/posts\/70610\/revisions\/70611"}],"wp:featuredmedia":[{"embeddable":true,"href":"https:\/\/2horizontes.com\/index.php?rest_route=\/wp\/v2\/media\/70341"}],"wp:attachment":[{"href":"https:\/\/2horizontes.com\/index.php?rest_route=%2Fwp%2Fv2%2Fmedia&parent=70610"}],"wp:term":[{"taxonomy":"category","embeddable":true,"href":"https:\/\/2horizontes.com\/index.php?rest_route=%2Fwp%2Fv2%2Fcategories&post=70610"},{"taxonomy":"post_tag","embeddable":true,"href":"https:\/\/2horizontes.com\/index.php?rest_route=%2Fwp%2Fv2%2Ftags&post=70610"}],"curies":[{"name":"wp","href":"https:\/\/api.w.org\/{rel}","templated":true}]}}