{"id":70596,"date":"2020-05-29T12:18:52","date_gmt":"2020-05-29T11:18:52","guid":{"rendered":"http:\/\/2horizontes.com\/?p=70596"},"modified":"2020-05-29T12:18:53","modified_gmt":"2020-05-29T11:18:53","slug":"twitter-senala-un-tuit-de-trump-con-un-aviso-de-glorificacion-de-la-violencia","status":"publish","type":"post","link":"https:\/\/2horizontes.com\/?p=70596","title":{"rendered":"Twitter se\u00f1ala un tuit de Trump con un aviso de \u00abglorificaci\u00f3n de la violencia\u00bb"},"content":{"rendered":"\n<p>Twitter ha marcado este viernes con una se\u00f1al de advertencia una publicaci\u00f3n del presidente de EE.UU., Donald Trump, en la que amenaza con disparos en respuesta a los disturbios civiles en Mine\u00e1polis&nbsp;(Minnesota) que estallaron a ra\u00edz del asesinato de George Floyd, un afroamericano que&nbsp;<a href=\"https:\/\/actualidad.rt.com\/actualidad\/354419-video-muerte-hombre-policia-coloca-rodilla-cuello\" target=\"_blank\" rel=\"noreferrer noopener\">muri\u00f3<\/a>&nbsp;bajo custodia policial a principios de esta semana, lo que desat\u00f3 una ola de&nbsp;<a href=\"https:\/\/actualidad.rt.com\/actualidad\/354515-manifestantes-muerte-afroamericano-policia-gas-lacrimogeno\" target=\"_blank\" rel=\"noreferrer noopener\">indignaci\u00f3n<\/a>&nbsp;nacional.<\/p>\n\n\n\n<p>\u00abEstos matones est\u00e1n deshonrando la memoria de George Floyd y no dejar\u00e9 que eso suceda. Acabo de hablar con el gobernador Tim Walz y le he dicho que los militares est\u00e1n con \u00e9l todo el tiempo\u00bb, advierte el mandatario en su mensaje, agregando que ante cualquier dificultad van a asumir el control. \u00abCuando empieza el saqueo, empieza el tiroteo\u00bb, a\u00f1adi\u00f3.<\/p>\n\n\n\n<p>La red social avisa que el mensaje del mandatario viola las reglas de la plataforma sobre \u00abglorificaci\u00f3n de la violencia\u00bb.&nbsp;\u00abSin embargo, Twitter ha determinado que&nbsp;<strong>puede ser de inter\u00e9s p\u00fablico que el tuit siga estando accesible<\/strong>\u00ab, a\u00f1ade la advertencia.<a href=\"https:\/\/twitter.com\/realDonaldTrump\"><\/a><a href=\"https:\/\/twitter.com\/realDonaldTrump\"><strong>Donald J. Trump<\/strong><strong>&#x2714;<\/strong>@realDonaldTrump<\/a><a href=\"https:\/\/twitter.com\/realDonaldTrump\/status\/1266231100780744704\"><\/a><a href=\"https:\/\/twitter.com\/_\/status\/1266231100172615680\">En respuesta a @realDonaldTrump<\/a><\/p>\n\n\n\n<p>&#8230;.These THUGS are dishonoring the memory of George Floyd, and I won\u2019t let that happen. Just spoke to Governor Tim Walz and told him that the Military is with him all the way. Any difficulty and we will assume control but, when the looting starts, the shooting starts. Thank you!<a href=\"https:\/\/twitter.com\/intent\/like?tweet_id=1266231100780744704\">86&nbsp;mil<\/a><a href=\"https:\/\/twitter.com\/realDonaldTrump\/status\/1266231100780744704\"><time datetime=\"2020-05-29T04:53:14+0000\">6:53 &#8211; 29 may. 2020<\/time><\/a><a href=\"https:\/\/support.twitter.com\/articles\/20175256\">Informaci\u00f3n y privacidad de Twitter Ads<\/a><a href=\"https:\/\/twitter.com\/realDonaldTrump\/status\/1266231100780744704\">75,9&nbsp;mil personas est\u00e1n hablando de esto<\/a><\/p>\n\n\n\n<h3 class=\"wp-block-heading\">Orden ejecutiva sobre las compa\u00f1\u00edas de redes sociales<\/h3>\n\n\n\n<p>Trump&nbsp;<a href=\"https:\/\/actualidad.rt.com\/actualidad\/354744-trump-firma-orden-ejecutiva-redes-sociales-ley-adicional\" target=\"_blank\" rel=\"noreferrer noopener\">firm\u00f3<\/a>&nbsp;este jueves una orden ejecutiva para la adopci\u00f3n de medidas contra la censura de las compa\u00f1\u00edas de redes sociales. Asimismo, anunci\u00f3 que buscar\u00e1 la emisi\u00f3n de una ley adicional sobre esta cuesti\u00f3n.<\/p>\n\n\n\n<p>La disposici\u00f3n busca regular la Secci\u00f3n 230 de la Ley de Decencia en las Comunicaciones, con el fin de eliminar el amparo de responsabilidad legal si las compa\u00f1\u00edas de redes sociales act\u00faan para\u00a0censurar o editar el contenido.<\/p>\n\n\n\n<p>mento en la Oficina Oval. \u00abEstamos hartos de eso\u00bb, agreg\u00f3.<\/p>\n\n\n\n<p>El mandatario argument\u00f3 que las empresas han tenido un \u00ab<strong>poder incontrolado<\/strong>\u00bb para censurar y restringir, y se refiri\u00f3 a los gigantes tecnol\u00f3gicos como \u00abequivalentes a un monopolio\u00bb.<\/p>\n\n\n\n<p>La firma del decreto se produjo dos d\u00edas despu\u00e9s de que Twitter colocara una notificaci\u00f3n de&nbsp;<a href=\"https:\/\/actualidad.rt.com\/actualidad\/354496-twitter-primera-vez-notificacion-verificacion-hechos-tuit-trump\" target=\"_blank\" rel=\"noreferrer noopener\">verificaci\u00f3n de hechos<\/a>&nbsp;a dos tuits del presidente para desmentir sus afirmaciones, en las que alegaba que una votaci\u00f3n por correo dar\u00eda lugar a una \u00abelecci\u00f3n fraudulenta\u00bb.<\/p>\n\n\n\n<p>Trump reaccion\u00f3 en la misma plataforma&nbsp;<a href=\"https:\/\/actualidad.rt.com\/actualidad\/354508-trump-twitter-reprimir-libertad-discurso-verificacion-tuits\" target=\"_blank\" rel=\"noreferrer noopener\">acusando<\/a>&nbsp;a Twitter de inmiscuirse en las elecciones presidenciales 2020 y de reprimir la \u00ablibertad de expresi\u00f3n\u00bb.<\/p>\n\n\n\n<h3 class=\"wp-block-heading\">Twitter responde a las acusaciones de Trump<\/h3>\n\n\n\n<p>Poco despu\u00e9s, Twitter se pronunci\u00f3 al respecto y asegur\u00f3 que la orden ejecutiva tiene \u00abun enfoque reaccionario y politizado de una ley hist\u00f3rica\u00bb.<\/p>\n\n\n\n<p>Asimismo, asegur\u00f3 que la Secci\u00f3n 230 \u00abprotege la innovaci\u00f3n norteamericana y la libertad de expresi\u00f3n, y se sustenta en valores democr\u00e1ticos\u00bb. Finalmente, la compa\u00f1\u00eda considera que \u00ablos intentos de erosionarla unilateralmente&nbsp;<strong>amenazan el futuro de las libertades de expresi\u00f3n<\/strong>&nbsp;en l\u00ednea y de Internet\u00bb.<\/p>\n\n\n\n<p>Previamente, el cofundador y director ejecutivo de Twitter, Jack Dorsey,&nbsp;<a href=\"https:\/\/actualidad.rt.com\/actualidad\/354666-deje-empleados-fuera-director-twitter-responde-trump\" target=\"_blank\" rel=\"noreferrer noopener\">respondi\u00f3<\/a>&nbsp;el mi\u00e9rcoles a las acusaciones del presidente contra la red social, reafirmando el compromiso de su compa\u00f1\u00eda a la hora de verificar las informaciones relacionadas con las elecciones.<\/p>\n\n\n\n<p>\u00abContinuaremos se\u00f1alando la informaci\u00f3n incorrecta o controvertida sobre las elecciones a nivel mundial. Y admitiremos y asumiremos cualquier error que cometamos\u00bb, escribi\u00f3 Dorsey en su cuenta oficial.\u00a0<\/p>\n\n\n\n<p>Fuente: RT. <\/p>\n","protected":false},"excerpt":{"rendered":"<p>Twitter ha marcado este viernes con una se\u00f1al de advertencia una publicaci\u00f3n del presidente de EE.UU., Donald Trump, en la que amenaza con disparos en respuesta a los disturbios civiles en Mine\u00e1polis&nbsp;(Minnesota) que estallaron a ra\u00edz del asesinato de George Floyd, un afroamericano que&nbsp;muri\u00f3&nbsp;bajo custodia policial a principios de esta semana, lo que desat\u00f3 una [&hellip;]<\/p>\n","protected":false},"author":44079,"featured_media":70597,"comment_status":"open","ping_status":"open","sticky":false,"template":"","format":"standard","meta":{"footnotes":""},"categories":[40],"tags":[],"class_list":["post-70596","post","type-post","status-publish","format-standard","has-post-thumbnail","hentry","category-internacionales"],"_links":{"self":[{"href":"https:\/\/2horizontes.com\/index.php?rest_route=\/wp\/v2\/posts\/70596","targetHints":{"allow":["GET"]}}],"collection":[{"href":"https:\/\/2horizontes.com\/index.php?rest_route=\/wp\/v2\/posts"}],"about":[{"href":"https:\/\/2horizontes.com\/index.php?rest_route=\/wp\/v2\/types\/post"}],"author":[{"embeddable":true,"href":"https:\/\/2horizontes.com\/index.php?rest_route=\/wp\/v2\/users\/44079"}],"replies":[{"embeddable":true,"href":"https:\/\/2horizontes.com\/index.php?rest_route=%2Fwp%2Fv2%2Fcomments&post=70596"}],"version-history":[{"count":1,"href":"https:\/\/2horizontes.com\/index.php?rest_route=\/wp\/v2\/posts\/70596\/revisions"}],"predecessor-version":[{"id":70598,"href":"https:\/\/2horizontes.com\/index.php?rest_route=\/wp\/v2\/posts\/70596\/revisions\/70598"}],"wp:featuredmedia":[{"embeddable":true,"href":"https:\/\/2horizontes.com\/index.php?rest_route=\/wp\/v2\/media\/70597"}],"wp:attachment":[{"href":"https:\/\/2horizontes.com\/index.php?rest_route=%2Fwp%2Fv2%2Fmedia&parent=70596"}],"wp:term":[{"taxonomy":"category","embeddable":true,"href":"https:\/\/2horizontes.com\/index.php?rest_route=%2Fwp%2Fv2%2Fcategories&post=70596"},{"taxonomy":"post_tag","embeddable":true,"href":"https:\/\/2horizontes.com\/index.php?rest_route=%2Fwp%2Fv2%2Ftags&post=70596"}],"curies":[{"name":"wp","href":"https:\/\/api.w.org\/{rel}","templated":true}]}}