{"id":70517,"date":"2020-05-25T14:28:32","date_gmt":"2020-05-25T13:28:32","guid":{"rendered":"http:\/\/2horizontes.com\/?p=70517"},"modified":"2020-05-25T14:28:35","modified_gmt":"2020-05-25T13:28:35","slug":"madrid-reabre-las-terrazas-de-bares-y-restaurantes-tras-dos-meses-y-medio-de-confinamiento","status":"publish","type":"post","link":"https:\/\/2horizontes.com\/?p=70517","title":{"rendered":"Madrid reabre las terrazas de bares y restaurantes tras dos meses y medio de confinamiento"},"content":{"rendered":"\n<p>Por primera vez desde hace dos meses y medio las terrazas de bares y restaurantes tienen permitido abrir en Madrid, despu\u00e9s de que la regi\u00f3n abandone esta semana la fase 0 de la desescalada y comience una flexibilizaci\u00f3n que tambi\u00e9n tiene como finalidad la&nbsp;<strong>reactivaci\u00f3n econ\u00f3mica<\/strong>.<\/p>\n\n\n\n<p>A partir de este lunes por primera vez en toda Espa\u00f1a no hay&nbsp;<strong>ning\u00fan territorio en fase 0<\/strong>&nbsp;de la desescalada. La Comunidad de Madrid, Barcelona y su \u00e1rea metropolitana y la mayor\u00eda de Castilla Le\u00f3n, las \u00fanicas regiones que permanec\u00edan en el nivel inicial, han avanzado a la fase 1 de la desescalada. Adem\u00e1s, otras provincias y \u00e1reas, que suponen el 42 % del pa\u00eds, avanzan tambi\u00e9n esta semana hasta la siguiente fase 2.<\/p>\n\n\n\n<p>Desde hoy&nbsp;<strong>todos la poblaci\u00f3n del pa\u00eds podr\u00e1 salir a una terraza y podr\u00e1n reencontrarse con familiares y amigos<\/strong>. Siempre dentro de la misma provincia o \u00e1rea sanitaria y manteniendo la distancia de seguridad o usando mascarillas faciales.<\/p>\n\n\n\n<figure class=\"wp-block-image\"><img decoding=\"async\" src=\"https:\/\/i.ytimg.com\/vi\/f5eWp8AmRbI\/sddefault.jpg\" alt=\"\"\/><\/figure>\n\n\n\n<p>Ambas fases tienen en com\u00fan la&nbsp;<strong>libertad de movimientos<\/strong>&nbsp;para ir a comprar, visitar a un allegado o ir a la terraza de un negocio de restauraci\u00f3n y la apertura de comercios con diferentes requisitos, entre otros, pero tienen tambi\u00e9n algunas diferencias de calado.<\/p>\n\n\n\n<h3 class=\"wp-block-heading\">\u00bfQu\u00e9 se puede hacer en la fase 1?<\/h3>\n\n\n\n<p>Este primer escal\u00f3n de la desescalada permite de nuevo, aunque restringido, el&nbsp;<strong>contacto social<\/strong>. A partir de este lunes muchos nietos se reencontrar\u00e1n con sus abuelos, a los que en muchas ocasiones llevan sin ver desde la primera quincena de marzo. Mientras que las mascarillas han llegado para quedarse: son obligatorias en espacios cerrados y en todo aquellos lugares donde no se pueda garantizar la distancia de seguridad de dos metros.<\/p>\n\n\n\n<ul class=\"wp-block-list\"><li>Se podr\u00e1&nbsp;<strong>circular por toda la unidad territorial<\/strong>&nbsp;(provincia o \u00e1rea sanitaria).<\/li><li>Se permite el contacto social en grupos de un&nbsp;<strong>m\u00e1ximo de 10 personas<\/strong>&nbsp;tanto en domicilios, como al aire libre o en terrazas.<\/li><li>La hosteler\u00eda puede&nbsp;<strong>abrir sus terrazas<\/strong>&nbsp;con un 50 % del aforo.<\/li><li><strong>Se eliminan las franjas horarias<\/strong>&nbsp;para comprar, acudir a negocios de restauraci\u00f3n o visitar a amigos o familiares, mientras que&nbsp;<strong>se mantienen para los paseos<\/strong>&nbsp;y para realizar deporte no federado al aire libre.<\/li><li>Pueden abrir los comercios con una superficie m\u00e1xima de atenci\u00f3n al p\u00fablico de&nbsp;<strong>400 metros cuadrados<\/strong>&nbsp;con un 30 % de su aforo.<\/li><li>Los&nbsp;<strong>hoteles<\/strong>&nbsp;pueden abrir de nuevo sus puertas, aunque no est\u00e1 permitido el uso de sus zonas comunes, como restaurantes, spa, saunas, piscinas u otros.<\/li><\/ul>\n\n\n\n<h3 class=\"wp-block-heading\">\u00bfQu\u00e9 se puede hacer en la fase 2?<\/h3>\n\n\n\n<p>El segundo nivel flexibiliza m\u00e1s alguna de las medidas estrenadas en la fase anterior e introduce algunas novedades, la m\u00e1s esperada es la que afecta a las playas en v\u00edsperas del periodo estival y con unas temperaturas en el pa\u00eds que est\u00e1n superando en numerosas ocasiones los 30 grados.<\/p>\n\n\n\n<ul class=\"wp-block-list\"><li>Por primera vez<strong>\u00a0se abren las playas para un uso recreativo<\/strong>, hasta ahora solo estaba permitido pasear por ellas y hacer ejercicio.<\/li><li><strong>Se eliminan las franjas horarias para paseos y deporte<\/strong>\u00a0al aire libre, salvo para las personas mayores de 70 a\u00f1os y otros colectivos vulnerables y dependientes.<\/li><li>Se permite la\u00a0<strong>apertura total del comercio<\/strong>\u00a0con un aforo entre el 30 y el 40 %.<\/li><li>Las reuniones sociales se ampl\u00edan a grupos de\u00a0<strong>hasta 15 personas<\/strong>.<\/li><li>Por primera vez se puede abrir el\u00a0<strong>interior de bares y restaurantes<\/strong>, aunque con un aforo entre el 40 y el 50 %.<\/li><\/ul>\n\n\n\n<p>Fuente: RT.<\/p>\n","protected":false},"excerpt":{"rendered":"<p>Por primera vez desde hace dos meses y medio las terrazas de bares y restaurantes tienen permitido abrir en Madrid, despu\u00e9s de que la regi\u00f3n abandone esta semana la fase 0 de la desescalada y comience una flexibilizaci\u00f3n que tambi\u00e9n tiene como finalidad la&nbsp;reactivaci\u00f3n econ\u00f3mica. A partir de este lunes por primera vez en toda [&hellip;]<\/p>\n","protected":false},"author":44079,"featured_media":70518,"comment_status":"open","ping_status":"open","sticky":false,"template":"","format":"standard","meta":{"footnotes":""},"categories":[63,85],"tags":[],"class_list":["post-70517","post","type-post","status-publish","format-standard","has-post-thumbnail","hentry","category-economia","category-espana"],"_links":{"self":[{"href":"https:\/\/2horizontes.com\/index.php?rest_route=\/wp\/v2\/posts\/70517","targetHints":{"allow":["GET"]}}],"collection":[{"href":"https:\/\/2horizontes.com\/index.php?rest_route=\/wp\/v2\/posts"}],"about":[{"href":"https:\/\/2horizontes.com\/index.php?rest_route=\/wp\/v2\/types\/post"}],"author":[{"embeddable":true,"href":"https:\/\/2horizontes.com\/index.php?rest_route=\/wp\/v2\/users\/44079"}],"replies":[{"embeddable":true,"href":"https:\/\/2horizontes.com\/index.php?rest_route=%2Fwp%2Fv2%2Fcomments&post=70517"}],"version-history":[{"count":1,"href":"https:\/\/2horizontes.com\/index.php?rest_route=\/wp\/v2\/posts\/70517\/revisions"}],"predecessor-version":[{"id":70519,"href":"https:\/\/2horizontes.com\/index.php?rest_route=\/wp\/v2\/posts\/70517\/revisions\/70519"}],"wp:featuredmedia":[{"embeddable":true,"href":"https:\/\/2horizontes.com\/index.php?rest_route=\/wp\/v2\/media\/70518"}],"wp:attachment":[{"href":"https:\/\/2horizontes.com\/index.php?rest_route=%2Fwp%2Fv2%2Fmedia&parent=70517"}],"wp:term":[{"taxonomy":"category","embeddable":true,"href":"https:\/\/2horizontes.com\/index.php?rest_route=%2Fwp%2Fv2%2Fcategories&post=70517"},{"taxonomy":"post_tag","embeddable":true,"href":"https:\/\/2horizontes.com\/index.php?rest_route=%2Fwp%2Fv2%2Ftags&post=70517"}],"curies":[{"name":"wp","href":"https:\/\/api.w.org\/{rel}","templated":true}]}}