{"id":70512,"date":"2020-05-25T13:30:21","date_gmt":"2020-05-25T12:30:21","guid":{"rendered":"http:\/\/2horizontes.com\/?p=70512"},"modified":"2020-05-25T13:30:25","modified_gmt":"2020-05-25T12:30:25","slug":"pinera-admite-que-el-sistema-de-salud-de-chile-esta-muy-cerca-del-limite-a-medida-que-el-pais-se-acerca-a-los-70-000-casos-de-covid-19","status":"publish","type":"post","link":"https:\/\/2horizontes.com\/?p=70512","title":{"rendered":"Pi\u00f1era admite que el sistema de salud de Chile \u00abest\u00e1 muy cerca del l\u00edmite\u00bb a medida que el pa\u00eds se acerca a los 70.000 casos de covid-19"},"content":{"rendered":"\n<p>El presidente de Chile,&nbsp;Sebasti\u00e1n Pi\u00f1era, ha admitido este domingo que el sistema de salud&nbsp;nacional \u00abest\u00e1 muy cerca del l\u00edmite\u00bb a medida que&nbsp;el pa\u00eds&nbsp;se acerca a los 70.000 casos positivos de coronavirus.<\/p>\n\n\n\n<p>\u00abEstamos muy conscientes que el sistema de salud est\u00e1\u00a0<strong>muy exigido, muy demandado y estresado<\/strong>\u00ab, declar\u00f3\u00a0Pi\u00f1era\u00a0durante\u00a0la inauguraci\u00f3n del Hospital Modular S\u00f3tero del R\u00edo, que albergar\u00e1 100 camas b\u00e1sicas para atender a pacientes con el covid-19.\u00a0\u00a0<\/p>\n\n\n\n<p>\u00abEstamos muy cerca del l\u00edmite porque hemos tenido&nbsp;<strong>un incremento muy grande en las necesidades<\/strong>&nbsp;y demandas de atenci\u00f3n m\u00e9dica, y en camas de unidades de cuidados intensivos y ventiladores\u00bb, se\u00f1al\u00f3 el mandatario.&nbsp;<\/p>\n\n\n\n<p>Al mismo tiempo,&nbsp;Pi\u00f1era subray\u00f3 que, en vez de \u00abandar buscando culpables\u00bb, anda \u00abbuscando soluciones\u00bb. \u00abNo basta con preocuparse y denunciar, hay que ocuparse y contribuir a la soluci\u00f3n del problema. Estamos haciendo todos los esfuerzos humanamente posibles\u00bb, asegur\u00f3 el presidente chileno.<\/p>\n\n\n\n<p>Mientras&nbsp;las autoridades inauguraban el recinto, tuvo lugar en las afueras de las instalaciones&nbsp;una&nbsp;<strong>manifestaci\u00f3n<\/strong>&nbsp;de un grupo de trabajadores sanitarios que&nbsp;<strong>exig\u00edan una mejor gesti\u00f3n del Gobierno<\/strong>&nbsp;en medio de la pandemia.<\/p>\n\n\n\n<p>Durante las \u00faltimas 24 horas, en Chile han sido&nbsp;<a href=\"https:\/\/www.minsal.cl\/nuevo-coronavirus-2019-ncov\/casos-confirmados-en-chile-covid-19\/\" target=\"_blank\" rel=\"noreferrer noopener\">detectados<\/a>&nbsp;3.709 nuevos casos de covid-19, aumentando el total a&nbsp;<strong>69.102<\/strong>. La cifra de decesos ascendi\u00f3 a&nbsp;<strong>718<\/strong>. En total, 28.148 pacientes se han recuperado de la enfermedad.<\/p>\n\n\n\n<p>Entre tanto,&nbsp;en algunas partes de Santiago esta semana volvieron a registrarse protestas por la falta de comida y la ayuda insuficiente.<\/p>\n\n\n\n<figure class=\"wp-block-image\"><img decoding=\"async\" src=\"https:\/\/i.ytimg.com\/vi\/oITnwQniw0g\/sddefault.jpg\" alt=\"\"\/><\/figure>\n\n\n\nFuente: RT.\n","protected":false},"excerpt":{"rendered":"<p>El presidente de Chile,&nbsp;Sebasti\u00e1n Pi\u00f1era, ha admitido este domingo que el sistema de salud&nbsp;nacional \u00abest\u00e1 muy cerca del l\u00edmite\u00bb a medida que&nbsp;el pa\u00eds&nbsp;se acerca a los 70.000 casos positivos de coronavirus. \u00abEstamos muy conscientes que el sistema de salud est\u00e1\u00a0muy exigido, muy demandado y estresado\u00ab, declar\u00f3\u00a0Pi\u00f1era\u00a0durante\u00a0la inauguraci\u00f3n del Hospital Modular S\u00f3tero del R\u00edo, que albergar\u00e1 [&hellip;]<\/p>\n","protected":false},"author":44079,"featured_media":70515,"comment_status":"open","ping_status":"open","sticky":false,"template":"","format":"standard","meta":{"footnotes":""},"categories":[40],"tags":[],"class_list":["post-70512","post","type-post","status-publish","format-standard","has-post-thumbnail","hentry","category-internacionales"],"_links":{"self":[{"href":"https:\/\/2horizontes.com\/index.php?rest_route=\/wp\/v2\/posts\/70512","targetHints":{"allow":["GET"]}}],"collection":[{"href":"https:\/\/2horizontes.com\/index.php?rest_route=\/wp\/v2\/posts"}],"about":[{"href":"https:\/\/2horizontes.com\/index.php?rest_route=\/wp\/v2\/types\/post"}],"author":[{"embeddable":true,"href":"https:\/\/2horizontes.com\/index.php?rest_route=\/wp\/v2\/users\/44079"}],"replies":[{"embeddable":true,"href":"https:\/\/2horizontes.com\/index.php?rest_route=%2Fwp%2Fv2%2Fcomments&post=70512"}],"version-history":[{"count":1,"href":"https:\/\/2horizontes.com\/index.php?rest_route=\/wp\/v2\/posts\/70512\/revisions"}],"predecessor-version":[{"id":70516,"href":"https:\/\/2horizontes.com\/index.php?rest_route=\/wp\/v2\/posts\/70512\/revisions\/70516"}],"wp:featuredmedia":[{"embeddable":true,"href":"https:\/\/2horizontes.com\/index.php?rest_route=\/wp\/v2\/media\/70515"}],"wp:attachment":[{"href":"https:\/\/2horizontes.com\/index.php?rest_route=%2Fwp%2Fv2%2Fmedia&parent=70512"}],"wp:term":[{"taxonomy":"category","embeddable":true,"href":"https:\/\/2horizontes.com\/index.php?rest_route=%2Fwp%2Fv2%2Fcategories&post=70512"},{"taxonomy":"post_tag","embeddable":true,"href":"https:\/\/2horizontes.com\/index.php?rest_route=%2Fwp%2Fv2%2Ftags&post=70512"}],"curies":[{"name":"wp","href":"https:\/\/api.w.org\/{rel}","templated":true}]}}