{"id":70508,"date":"2020-05-25T13:20:21","date_gmt":"2020-05-25T12:20:21","guid":{"rendered":"http:\/\/2horizontes.com\/?p=70508"},"modified":"2020-05-25T13:20:24","modified_gmt":"2020-05-25T12:20:24","slug":"medico-sugiere-tomar-sol-para-eliminar-virus","status":"publish","type":"post","link":"https:\/\/2horizontes.com\/?p=70508","title":{"rendered":"M\u00e9dico sugiere tomar sol para eliminar virus"},"content":{"rendered":"\n<p>El geriatra y psiquiatra del Hospital Regional Universitario Jos\u00e9 Mar\u00eda Cabral y B\u00e1ez y de la cl\u00ednica Uni\u00f3n M\u00e9dica del Norte de Santiago, Francisco \u00c1ngeles, exhort\u00f3 a las personas que se expongan al sol a determinadas horas del d\u00eda, porque la alta temperatura mata el virus que provoca el Covid-19, cuando est\u00e1 en la parte exterior del cuerpo.<\/p>\n\n\n\n<p>Subray\u00f3 que el virus se puede anidar en los pelos de la cabeza, ropa, manos, calzados, y otras partes, a la espera de cualquier oportunidad para invadir el organismo, que es donde est\u00e1 el peligro. Dijo que despu\u00e9s que el virus entra al organismo, el sol no lo mata.<\/p>\n","protected":false},"excerpt":{"rendered":"<p>El geriatra y psiquiatra del Hospital Regional Universitario Jos\u00e9 Mar\u00eda Cabral y B\u00e1ez y de la cl\u00ednica Uni\u00f3n M\u00e9dica del Norte de Santiago, Francisco \u00c1ngeles, exhort\u00f3 a las personas que se expongan al sol a determinadas horas del d\u00eda, porque la alta temperatura mata el virus que provoca el Covid-19, cuando est\u00e1 en la parte [&hellip;]<\/p>\n","protected":false},"author":4,"featured_media":70513,"comment_status":"open","ping_status":"open","sticky":false,"template":"","format":"standard","meta":{"footnotes":""},"categories":[44,45],"tags":[],"class_list":["post-70508","post","type-post","status-publish","format-standard","has-post-thumbnail","hentry","category-republica-dominicana","category-salud"],"_links":{"self":[{"href":"https:\/\/2horizontes.com\/index.php?rest_route=\/wp\/v2\/posts\/70508","targetHints":{"allow":["GET"]}}],"collection":[{"href":"https:\/\/2horizontes.com\/index.php?rest_route=\/wp\/v2\/posts"}],"about":[{"href":"https:\/\/2horizontes.com\/index.php?rest_route=\/wp\/v2\/types\/post"}],"author":[{"embeddable":true,"href":"https:\/\/2horizontes.com\/index.php?rest_route=\/wp\/v2\/users\/4"}],"replies":[{"embeddable":true,"href":"https:\/\/2horizontes.com\/index.php?rest_route=%2Fwp%2Fv2%2Fcomments&post=70508"}],"version-history":[{"count":1,"href":"https:\/\/2horizontes.com\/index.php?rest_route=\/wp\/v2\/posts\/70508\/revisions"}],"predecessor-version":[{"id":70514,"href":"https:\/\/2horizontes.com\/index.php?rest_route=\/wp\/v2\/posts\/70508\/revisions\/70514"}],"wp:featuredmedia":[{"embeddable":true,"href":"https:\/\/2horizontes.com\/index.php?rest_route=\/wp\/v2\/media\/70513"}],"wp:attachment":[{"href":"https:\/\/2horizontes.com\/index.php?rest_route=%2Fwp%2Fv2%2Fmedia&parent=70508"}],"wp:term":[{"taxonomy":"category","embeddable":true,"href":"https:\/\/2horizontes.com\/index.php?rest_route=%2Fwp%2Fv2%2Fcategories&post=70508"},{"taxonomy":"post_tag","embeddable":true,"href":"https:\/\/2horizontes.com\/index.php?rest_route=%2Fwp%2Fv2%2Ftags&post=70508"}],"curies":[{"name":"wp","href":"https:\/\/api.w.org\/{rel}","templated":true}]}}