{"id":70501,"date":"2020-05-24T13:42:03","date_gmt":"2020-05-24T12:42:03","guid":{"rendered":"http:\/\/2horizontes.com\/?p=70501"},"modified":"2020-05-24T13:42:06","modified_gmt":"2020-05-24T12:42:06","slug":"las-mujeres-trabajadoras-son-las-mas-vulnerables-ante-crisis-por-coronavirus-destacan-oit-y-cepal","status":"publish","type":"post","link":"https:\/\/2horizontes.com\/?p=70501","title":{"rendered":"Las mujeres trabajadoras son las m\u00e1s vulnerables ante crisis por coronavirus, destacan OIT y CEPAL"},"content":{"rendered":"\n<p><strong>EFE <\/strong><\/p>\n\n\n\n<p><strong>Santiago de Chile<\/strong><\/p>\n\n\n\n<p>La Organizaci\u00f3n Internacional del Trabajo (OIT) y la Comisi\u00f3n Econ\u00f3mica para Am\u00e9rica Latina y el Caribe (CEPAL) advirtieron que las mujeres trabajadoras son las m\u00e1s vulnerables en el sector laboral ante la crisis generada en Latinoam\u00e9rica por el coronavirus.<\/p>\n\n\n\n<p>Este dato est\u00e1 contenido en el estudio de ambas organizaciones denominado \u00abCoyuntura Laboral en Am\u00e9rica Latina y el Caribe. El trabajo en tiempos de pandemia: desaf\u00edos frente a la enfermedad por coronavirus (COVID-19)\u00bb.<\/p>\n\n\n\n<p>El informe arroj\u00f3 tambi\u00e9n que los sectores intensivos en mano de obra como el turismo, comercio, manufactura, inmobiliaria y entretenimiento han sido altamente afectados por la pandemia, adem\u00e1s de que las Mipymes, las cuales concentran el 46.6% del total del empleo en la regi\u00f3n, tienen un \u201calto riesgo de experimentar quiebras\u201d.<\/p>\n\n\n\n<p>Junto al aumento de la desocupaci\u00f3n, se espera un marcado deterioro de la calidad del empleo, indica el informe que presentaron ambos organismos.<\/p>\n\n\n\n<p>Seg\u00fan c\u00e1lculos de la OIT, las medidas de confinamiento provocaron una p\u00e9rdida de alrededor del 10.3% de las horas de trabajo en el segundo trimestre de este a\u00f1o, lo que equivale a 31 millones de empleos a tiempo completo (suponiendo una jornada de 40 horas semanales).<\/p>\n","protected":false},"excerpt":{"rendered":"<p>EFE Santiago de Chile La Organizaci\u00f3n Internacional del Trabajo (OIT) y la Comisi\u00f3n Econ\u00f3mica para Am\u00e9rica Latina y el Caribe (CEPAL) advirtieron que las mujeres trabajadoras son las m\u00e1s vulnerables en el sector laboral ante la crisis generada en Latinoam\u00e9rica por el coronavirus. Este dato est\u00e1 contenido en el estudio de ambas organizaciones denominado \u00abCoyuntura [&hellip;]<\/p>\n","protected":false},"author":44079,"featured_media":70502,"comment_status":"open","ping_status":"open","sticky":false,"template":"","format":"standard","meta":{"footnotes":""},"categories":[40,43],"tags":[],"class_list":["post-70501","post","type-post","status-publish","format-standard","has-post-thumbnail","hentry","category-internacionales","category-politica"],"_links":{"self":[{"href":"https:\/\/2horizontes.com\/index.php?rest_route=\/wp\/v2\/posts\/70501","targetHints":{"allow":["GET"]}}],"collection":[{"href":"https:\/\/2horizontes.com\/index.php?rest_route=\/wp\/v2\/posts"}],"about":[{"href":"https:\/\/2horizontes.com\/index.php?rest_route=\/wp\/v2\/types\/post"}],"author":[{"embeddable":true,"href":"https:\/\/2horizontes.com\/index.php?rest_route=\/wp\/v2\/users\/44079"}],"replies":[{"embeddable":true,"href":"https:\/\/2horizontes.com\/index.php?rest_route=%2Fwp%2Fv2%2Fcomments&post=70501"}],"version-history":[{"count":1,"href":"https:\/\/2horizontes.com\/index.php?rest_route=\/wp\/v2\/posts\/70501\/revisions"}],"predecessor-version":[{"id":70503,"href":"https:\/\/2horizontes.com\/index.php?rest_route=\/wp\/v2\/posts\/70501\/revisions\/70503"}],"wp:featuredmedia":[{"embeddable":true,"href":"https:\/\/2horizontes.com\/index.php?rest_route=\/wp\/v2\/media\/70502"}],"wp:attachment":[{"href":"https:\/\/2horizontes.com\/index.php?rest_route=%2Fwp%2Fv2%2Fmedia&parent=70501"}],"wp:term":[{"taxonomy":"category","embeddable":true,"href":"https:\/\/2horizontes.com\/index.php?rest_route=%2Fwp%2Fv2%2Fcategories&post=70501"},{"taxonomy":"post_tag","embeddable":true,"href":"https:\/\/2horizontes.com\/index.php?rest_route=%2Fwp%2Fv2%2Ftags&post=70501"}],"curies":[{"name":"wp","href":"https:\/\/api.w.org\/{rel}","templated":true}]}}