{"id":70440,"date":"2020-05-21T00:20:50","date_gmt":"2020-05-20T23:20:50","guid":{"rendered":"http:\/\/2horizontes.com\/?p=70440"},"modified":"2020-05-21T00:20:52","modified_gmt":"2020-05-20T23:20:52","slug":"vaya-por-dios","status":"publish","type":"post","link":"https:\/\/2horizontes.com\/?p=70440","title":{"rendered":"\u00a1\u201d Vaya por Dios\u201d!"},"content":{"rendered":"\n<p>Por:Balbina Negreira<\/p>\n\n\n\n<p><\/p>\n\n\n\n<p><\/p>\n\n\n\n<p>Parafraseando la exclamaci\u00f3n m\u00e1s habitual usada en su red social de Facebook. Pertenece y representa a la generaci\u00f3n de emprendedores.&nbsp; Carmen Julia Ram\u00edrez Familia. Oriunda de la provincia de San Juan (o San Juan de la Maguana). Inmigrante del sur de la Rep\u00fablica Dominicana que hace una d\u00e9cada lleg\u00f3 a Espa\u00f1a.<\/p>\n\n\n\n<p>De profesi\u00f3n periodista, comunicadora, escritora, lideresa comunitaria y ahora preside el movimiento pol\u00edtico \u201cDominicanos Activos por el Cambio en Europa 2020\u201d en apoyo a la candidatura presidencial del l\u00edder del Partido Revolucionario Moderno, Luis Abinader.<\/p>\n\n\n\n<p>En el a\u00f1o 2016, publica el libro \u201cCr\u00f3nicas de emigrantes\u201d. Un \u201ccara a cara\u201d con sus protagonistas tan reales como las historias contadas entre sorbos de caf\u00e9 y l\u00e1grimas.&nbsp; Donde se conjugan los sentimientos, la vulnerabilidad y la indefensi\u00f3n; tambi\u00e9n la fortaleza que prevalece en el ser humano por sangrienta que sea la adversidad en momentos o situaciones determinadas.<\/p>\n\n\n\n<p>Con quienes convers\u00f3 y entrevist\u00f3 abri\u00e9ndoles sus corazones y, quiz\u00e1, desahog\u00e1ndose por vez primera, mostr\u00e1ndonos las diferentes caras y \u00e1ngulos de ser inmigrante, pero, que, en resumen, todas conllevan part\u00edculas de frustraciones, de enga\u00f1os, de decepciones, de tristeza, de llanto, de vivencias y de soledad.<\/p>\n\n\n\n<p>Una batalla de confusi\u00f3n y miedos que se suscita entre su interior y su entorno que rodea a todo inmigrante. La vida que dejaron al otro lado del oc\u00e9ano Atl\u00e1ntico en busca mayormente de un futuro mejor para los suyos y para s\u00ed mismo.<\/p>\n\n\n\n<p>Carmen escribe las historias que complementa con reflexiones quiz\u00e1, en su af\u00e1n de trabajar sus propios temores como emigrante. Como si estuviera examin\u00e1ndose a s\u00ed misma. Escrito con un lenguaje sencillo y cercano como son sus personajes.<\/p>\n\n\n\n<p>Los animo a leer este viaje que transita a trav\u00e9s de la empat\u00eda y la solidaridad. La vida a destajo de cada una de las personas que hicieron posible revivir a trav\u00e9s de Cr\u00f3nicas de emigrantes siendo un libro de cabecera a consultar\u2026<\/p>\n\n\n\n<p>Madrid, Espa\u00f1a.<\/p>\n\n\n\n<p><\/p>\n","protected":false},"excerpt":{"rendered":"<p>Por:Balbina Negreira Parafraseando la exclamaci\u00f3n m\u00e1s habitual usada en su red social de Facebook. Pertenece y representa a la generaci\u00f3n de emprendedores.&nbsp; Carmen Julia Ram\u00edrez Familia. Oriunda de la provincia de San Juan (o San Juan de la Maguana). Inmigrante del sur de la Rep\u00fablica Dominicana que hace una d\u00e9cada lleg\u00f3 a Espa\u00f1a. De profesi\u00f3n [&hellip;]<\/p>\n","protected":false},"author":1,"featured_media":69501,"comment_status":"open","ping_status":"open","sticky":true,"template":"","format":"standard","meta":{"footnotes":""},"categories":[46,85,86,82,43,44],"tags":[],"class_list":["post-70440","post","type-post","status-publish","format-standard","has-post-thumbnail","hentry","category-dominicanos-en-madrid","category-espana","category-europa","category-opinion","category-politica","category-republica-dominicana"],"_links":{"self":[{"href":"https:\/\/2horizontes.com\/index.php?rest_route=\/wp\/v2\/posts\/70440","targetHints":{"allow":["GET"]}}],"collection":[{"href":"https:\/\/2horizontes.com\/index.php?rest_route=\/wp\/v2\/posts"}],"about":[{"href":"https:\/\/2horizontes.com\/index.php?rest_route=\/wp\/v2\/types\/post"}],"author":[{"embeddable":true,"href":"https:\/\/2horizontes.com\/index.php?rest_route=\/wp\/v2\/users\/1"}],"replies":[{"embeddable":true,"href":"https:\/\/2horizontes.com\/index.php?rest_route=%2Fwp%2Fv2%2Fcomments&post=70440"}],"version-history":[{"count":1,"href":"https:\/\/2horizontes.com\/index.php?rest_route=\/wp\/v2\/posts\/70440\/revisions"}],"predecessor-version":[{"id":70441,"href":"https:\/\/2horizontes.com\/index.php?rest_route=\/wp\/v2\/posts\/70440\/revisions\/70441"}],"wp:featuredmedia":[{"embeddable":true,"href":"https:\/\/2horizontes.com\/index.php?rest_route=\/wp\/v2\/media\/69501"}],"wp:attachment":[{"href":"https:\/\/2horizontes.com\/index.php?rest_route=%2Fwp%2Fv2%2Fmedia&parent=70440"}],"wp:term":[{"taxonomy":"category","embeddable":true,"href":"https:\/\/2horizontes.com\/index.php?rest_route=%2Fwp%2Fv2%2Fcategories&post=70440"},{"taxonomy":"post_tag","embeddable":true,"href":"https:\/\/2horizontes.com\/index.php?rest_route=%2Fwp%2Fv2%2Ftags&post=70440"}],"curies":[{"name":"wp","href":"https:\/\/api.w.org\/{rel}","templated":true}]}}