{"id":70427,"date":"2020-05-20T10:55:51","date_gmt":"2020-05-20T09:55:51","guid":{"rendered":"http:\/\/2horizontes.com\/?p=70427"},"modified":"2020-05-20T10:55:56","modified_gmt":"2020-05-20T09:55:56","slug":"republica-dominicana-el-pais-pisa-hoy-el-campo-minado-del-covid-19","status":"publish","type":"post","link":"https:\/\/2horizontes.com\/?p=70427","title":{"rendered":"Rep\u00fablica Dominicana: El pa\u00eds pisa hoy el campo minado del Covid-19"},"content":{"rendered":"\n<p>Dos meses despu\u00e9s de un r\u00e9gimen de restricciones en la movilidad social y en las actividades econ\u00f3micas pa\u00adra contrarrestar el impacto del nuevo coronavirus, el pa\u00eds entra hoy a la primera de cuatro fases para retor\u00adnar de manera gradual a la normalidad, y pese a que en la v\u00edspera se alcanz\u00f3 la se\u00adgunda mayor cantidad de contagios por Covid-19 en un d\u00eda, con un total de 498.<\/p>\n\n\n\n<p>En lo que el presidente Danilo Medina denomin\u00f3 \u201cconvivir con el COVID-19 de forma segura\u201d durante una alocuci\u00f3n el pasado do\u00admingo, la desescalada pau\u00adlatina permitir\u00e1 operar des\u00adde hoy parcialmente a las empresas de acuerdo a su tama\u00f1o y al n\u00famero de em\u00adpleados.<\/p>\n\n\n\n<p>Las microempresas con hasta 10 empleados po\u00addr\u00e1n hacerlo con cinco, las peque\u00f1as con entre 10 y 50 deber\u00e1n tener un m\u00edni\u00admo 10 personas y no m\u00e1s del 50% de sus empleados, mientras las empresas me\u00addianas y grandes estar\u00e1n li\u00admitadas al 25% del personal en la primera fase.<\/p>\n\n\n\n<p>El sector p\u00fablico comen\u00adzar\u00e1 a laborar con el 50% del personal, pero sus incum\u00adbentes podr\u00e1n incrementar ese porcentaje de acuerdo a las necesidades, mientras el sistema de transporte esta\u00adtal conformado por el Metro, Telef\u00e9rico y las unidades de la Oficina Metropolitana de Servicios de Autobuses (OM\u00adSA) ofrecer\u00e1n el servicio tam\u00adbi\u00e9n en horario limitado y con estrictas medidas de dis\u00adtanciamiento f\u00edsico.<\/p>\n\n\n\n<p><strong>Afinando<\/strong><\/p>\n\n\n\n<p>Cabinas del Telef\u00e9rico y varios vagones del Metro salieron ayer a los cables y rieles a modo de calenta\u00admiento, luego de alrededor de dos meses sin actividad.<\/p>\n\n\n\n<p>La decisi\u00f3n de que so\u00adlo opere el transporte p\u00fa\u00adblico estatal ha disgustado a transportistas tradiciona\u00adles y ayer el presidente de la Confederaci\u00f3n Nacional de Organizaciones del Trans\u00adporte (Conatra), Antonio Marte, advirti\u00f3 al gobierno que los choferes no sopor\u00adtan 15 d\u00edas m\u00e1s sin brindar el servicio.<\/p>\n\n\n\n<p>Quienes regresen hoy a sus empleos enfrentar\u00e1n el inconveniente de que el Me\u00adtro y el Telef\u00e9rico funcionan en Santo Domingo, entretan\u00adto la OMSA hasta ahora solo ofrece servicio de transporte en la capital, Santiago y Ba\u00adrahona.<\/p>\n\n\n\n<p>La decisi\u00f3n del gobierno de abrir paulatinamente la econom\u00eda ha sido respaldada por dirigentes pol\u00edticos, co\u00admerciantes y el Consejo Na\u00adcional de la Empresa Privada (Conep), gremio que se de\u00adclar\u00f3 listo para asumir el reto de la reapertura, aunque pi\u00addi\u00f3 al gobierno definir cu\u00e1les ser\u00e1n los protocolos que de\u00adben seguir las empresas para retomar sus operaciones.<\/p>\n\n\n\n<p>\u201cEso va a permitir, no so\u00adlamente a las empresas, sino a la ciudadan\u00eda en general, acogerse a las medidas y re\u00adcomendaciones que se est\u00e1n estableciendo\u201d, expuso C\u00e9sar Dargam, vicepresidente eje\u00adcutivo del Conep.<\/p>\n\n\n\n<p>En medio de esta pande\u00admia que ha contagiado a 4,5 millones de personas y mata\u00addo a m\u00e1s de 316,000 en 195 pa\u00edses o territorios, empresas e instituciones se vieron pre\u00adcisadas a modificar sus esque\u00admas de trabajo para adaptar\u00adse a la at\u00edpica realidad que impon\u00eda el confinamiento.<\/p>\n\n\n\n<p>La desescalada que inicia hoy enfrenta el reto de que la poblaci\u00f3n acoja las medidas de distanciamiento social, ahora con mayor libertad de desplazamiento, lo que ha si\u00addo dif\u00edcil en 60 d\u00edas del esta\u00addo de emergencia estableci\u00addo para frenar la pandemia.<\/p>\n\n\n\n<p><strong>Violaciones<\/strong><\/p>\n\n\n\n<p>Las violaciones al toque de queda y a las medidas restric\u00adtivas impuestas por las auto\u00adridades han sido constantes, con episodios como el ocurri\u00addo en la provincia Puerto Pla\u00adta, donde a finales del pasado mes el peregrino Migdomio Adames moviliz\u00f3 a miles de personas para implantar una cruz en la playa de esa locali\u00addad, tras argumentar que re\u00adcibi\u00f3 un mensaje de Dios de que as\u00ed se detendr\u00eda la pan\u00addemia.<\/p>\n\n\n\n<p>El toque de queda, que ini\u00adcialmente se extendi\u00f3 desde las 5:00 de la tarde hasta las 6:00 de la ma\u00f1ana del d\u00eda si\u00adguiente, ahora es 7:00 de la noche a 5:00 de la ma\u00f1ana, de lunes a s\u00e1bado, y los do\u00admingos de 5:00 de la tarde a 5:00 de la ma\u00f1ana.<\/p>\n\n\n\n<p>Desde que se inform\u00f3 sobre la primera muerte por Co\u00advid-19 el pasado 16 de mar\u00adzo, una dominicana de 47 a\u00f1os de edad que vino al pa\u00eds desde Espa\u00f1a, la pande\u00admia ha dejado en Rep\u00fablica Dominicana 441 muertes y 13,223 casos confirmados.<\/p>\n\n\n\n<p>El gobierno del presidente Medina dio indicios desde la semana pasada de que con\u00adtemplaba una reapertura de la econom\u00eda, al sostener re\u00aduniones con empresarios, sin\u00addicatos y otros sectores socia\u00adles para consultarles de sus planes.<\/p>\n\n\n\n<p>En su discurso del pasado domingo, el presidente Me\u00addina, a quien el Congreso Na\u00adcional le aprob\u00f3 15 d\u00edas m\u00e1s para el Estado de Emergen\u00adcia que concluye el 1\u00b0 de ju\u00adnio, enfatiz\u00f3 que entre una fase y la siguiente para la re\u00adapertura gradual nunca ha\u00adbr\u00e1 menos de 14 d\u00edas, tiem\u00adpo suficiente para observar el desarrollo de la fase ante\u00adrior y su impacto en la crisis sanitaria. \u201cEs decir, si la fa\u00adse 1 no se cumple con res\u00adponsabilidad, no podremos pasar a la fase 2\u201d, a\u00f1adi\u00f3 el mandatario.<\/p>\n\n\n\n<p>Los temores de que la des\u00adescalada provoque un rebro\u00adte de la enfermedad, como ha ocurrido en otras nacio\u00adnes, sigue latente. El ministro de Salud P\u00fablica, Rafael S\u00e1n\u00adchez C\u00e1rdenas, quien d\u00eda tras d\u00eda carga con la responsabili\u00addad de informar sobre el cur\u00adso de la pandemia en el pa\u00eds, advirti\u00f3 el pasado lunes que la reapertura gradual de la econom\u00eda es \u201cun desaf\u00edo para toda la sociedad\u201d.<\/p>\n\n\n\n<p>\u201cLa demanda sobre el sis\u00adtema de salud ser\u00e1 mucho mayor e igualmente el pro\u00adceso de intervenci\u00f3n\u201d, afir\u00adm\u00f3 el funcionario durante la lectura del bolet\u00edn n\u00fame\u00adro 60 de Salud P\u00fablica so\u00adbre el coronavirus.<\/p>\n\n\n\n<p>Y aunque el relajamiento de las restricciones anunciado el pasado domingo por el je\u00adfe de Estado comienza oficial\u00admente hoy, ya desde el lunes diversos comercios comenza\u00adron a abrir sus puertas en una desescalada antes de tiempo, pese a que en su alocuci\u00f3n Medina advirti\u00f3 que el Go\u00adbierno ser\u00e1 estricto en su apli\u00adcaci\u00f3n.<\/p>\n\n\n\n<p>\u201cLas autoridades tambi\u00e9n tie\u00adnen instrucciones estrictas de vigilar permanentemente y actuar con rigor en caso de incumplimiento de las medi\u00addas establecidas, pudiendo llegar a arrestar a los infrac\u00adtores y cerrar los estableci\u00admientos con autorizaci\u00f3n pa\u00adra operar, que no cumplan con las medidas de distancia\u00admiento social e higiene\u201d, indi\u00adc\u00f3 el gobernante.<\/p>\n\n\n\n<p>&nbsp;<strong>FASES<\/strong><\/p>\n\n\n\n<p><strong>Primera.<\/strong><\/p>\n\n\n\n<p>La Comisi\u00f3n de Alto Ni\u00advel para la Prevenci\u00f3n y el Control del Coronavi\u00adrus inform\u00f3 anoche que las barber\u00edas, salones de belleza y consultorios m\u00e9dicos, podr\u00e1n reto\u00admar actividades pero de\u00adber\u00e1 ser por citas.<\/p>\n\n\n\n<p><strong>Segunda.<\/strong><\/p>\n\n\n\n<p>Los comercios en cen\u00adtros comerciales, el transporte colectivo pri\u00advado de pasajeros y jue\u00adgos de azar, exceptuan\u00addo los casinos, podr\u00e1n comenzar a operar en esta segunda fase. Tam\u00adbi\u00e9n los servicios religio\u00adsos los domingos.<\/p>\n\n\n\n<p><strong>Tres y cuatro.<\/strong><\/p>\n\n\n\n<p>En la fase 3, los servicios religiosos podr\u00e1n reali\u00adzarse tres veces por se\u00admana y, en la 4, todas las empresas reanuda\u00adr\u00e1n sus labores al 100%.<\/p>\n\n\n\n<p>Fuente: RT. <\/p>\n","protected":false},"excerpt":{"rendered":"<p>Dos meses despu\u00e9s de un r\u00e9gimen de restricciones en la movilidad social y en las actividades econ\u00f3micas pa\u00adra contrarrestar el impacto del nuevo coronavirus, el pa\u00eds entra hoy a la primera de cuatro fases para retor\u00adnar de manera gradual a la normalidad, y pese a que en la v\u00edspera se alcanz\u00f3 la se\u00adgunda mayor cantidad [&hellip;]<\/p>\n","protected":false},"author":44079,"featured_media":69762,"comment_status":"open","ping_status":"open","sticky":false,"template":"","format":"standard","meta":{"footnotes":""},"categories":[44],"tags":[],"class_list":["post-70427","post","type-post","status-publish","format-standard","has-post-thumbnail","hentry","category-republica-dominicana"],"_links":{"self":[{"href":"https:\/\/2horizontes.com\/index.php?rest_route=\/wp\/v2\/posts\/70427","targetHints":{"allow":["GET"]}}],"collection":[{"href":"https:\/\/2horizontes.com\/index.php?rest_route=\/wp\/v2\/posts"}],"about":[{"href":"https:\/\/2horizontes.com\/index.php?rest_route=\/wp\/v2\/types\/post"}],"author":[{"embeddable":true,"href":"https:\/\/2horizontes.com\/index.php?rest_route=\/wp\/v2\/users\/44079"}],"replies":[{"embeddable":true,"href":"https:\/\/2horizontes.com\/index.php?rest_route=%2Fwp%2Fv2%2Fcomments&post=70427"}],"version-history":[{"count":1,"href":"https:\/\/2horizontes.com\/index.php?rest_route=\/wp\/v2\/posts\/70427\/revisions"}],"predecessor-version":[{"id":70428,"href":"https:\/\/2horizontes.com\/index.php?rest_route=\/wp\/v2\/posts\/70427\/revisions\/70428"}],"wp:featuredmedia":[{"embeddable":true,"href":"https:\/\/2horizontes.com\/index.php?rest_route=\/wp\/v2\/media\/69762"}],"wp:attachment":[{"href":"https:\/\/2horizontes.com\/index.php?rest_route=%2Fwp%2Fv2%2Fmedia&parent=70427"}],"wp:term":[{"taxonomy":"category","embeddable":true,"href":"https:\/\/2horizontes.com\/index.php?rest_route=%2Fwp%2Fv2%2Fcategories&post=70427"},{"taxonomy":"post_tag","embeddable":true,"href":"https:\/\/2horizontes.com\/index.php?rest_route=%2Fwp%2Fv2%2Ftags&post=70427"}],"curies":[{"name":"wp","href":"https:\/\/api.w.org\/{rel}","templated":true}]}}