{"id":70423,"date":"2020-05-20T09:56:34","date_gmt":"2020-05-20T08:56:34","guid":{"rendered":"http:\/\/2horizontes.com\/?p=70423"},"modified":"2020-05-20T09:56:36","modified_gmt":"2020-05-20T08:56:36","slug":"la-fotografia-del-presidente-de-portugal-que-ha-dado-la-vuelta-al-mundo-por-su-actitud-poco-habitual-entre-los-politicos","status":"publish","type":"post","link":"https:\/\/2horizontes.com\/?p=70423","title":{"rendered":"La fotograf\u00eda del presidente de Portugal que ha dado la vuelta al mundo por su actitud poco habitual entre los pol\u00edticos"},"content":{"rendered":"\n<p>Como un ciudadano m\u00e1s en plena pandemia, con<strong>&nbsp;mascarilla<\/strong>, guardando la&nbsp;<strong>distancia de seguridad<\/strong>&nbsp;y esperando su turno pacientemente en la fila de un supermercado junto a su cesta de la compra: as\u00ed aparece el presidente de la rep\u00fablica de Portugal,&nbsp;<strong>Marcelo Rebelo de Sousa<\/strong>, en una imagen difundida en Twitter que no ha tardado en viralizarse.<\/p>\n\n\n\n<p>\u00abCosas que solo se ven en Portugal\u00bb, comenta la usuaria de la red social que comparti\u00f3 la foto, destacando la peculiaridad de la imagen, que transmite inevitablemente una sensaci\u00f3n de&nbsp;naturalidad y cercan\u00eda poco habitual entre los m\u00e1s altos representantes de la pol\u00edtica contempor\u00e1nea.<\/p>\n\n\n\n<p>En la instant\u00e1nea se puede ver a Rebelo de Sousa en un supermercado de la localidad portuguesa de Cascais, ataviado sencillamente con bermudas y un jersey, cumpliendo las recomendaciones sanitarias de la Organizaci\u00f3n Mundial de la Salud (OMS) para evitar el contagio del coronavirus,&nbsp;<strong>sin asistentes ni personal de seguridad alrededor<\/strong>&nbsp;ni ning\u00fan otro privilegio que le distinga del resto de los clientes que aparecen en la foto.&nbsp;&nbsp;<a href=\"https:\/\/twitter.com\/allpurpletae\"><\/a><a href=\"https:\/\/twitter.com\/allpurpletae\"><strong>mia \u05b4\u05b6\u05b8\u2077<\/strong>@allpurpletae<\/a><a href=\"https:\/\/twitter.com\/allpurpletae\/status\/1262108795070754816\"><\/a><\/p>\n\n\n\n<p>coisas que s\u00f3 se v\u00ea em portugal: o presidente da Rep\u00fablica na fila do supermercado kkkk<\/p>\n\n\n\n<figure class=\"wp-block-image\"><a href=\"https:\/\/twitter.com\/allpurpletae\/status\/1262108795070754816\/photo\/1\"><img decoding=\"async\" src=\"https:\/\/pbs.twimg.com\/media\/EYPpQbAWsAIJuJw?format=jpg&amp;name=small\" alt=\"Ver imagen en Twitter\" title=\"Ver imagen en Twitter\"\/><\/a><\/figure>\n\n\n\n<p><a href=\"https:\/\/twitter.com\/intent\/like?tweet_id=1262108795070754816\">44&nbsp;mil<\/a><a href=\"https:\/\/twitter.com\/allpurpletae\/status\/1262108795070754816\"><time datetime=\"2020-05-17T19:52:40+0000\">21:52 &#8211; 17 may. 2020<\/time><\/a><a href=\"https:\/\/support.twitter.com\/articles\/20175256\">Informaci\u00f3n y privacidad de Twitter Ads<\/a><a href=\"https:\/\/twitter.com\/allpurpletae\/status\/1262108795070754816\">6.185 personas est\u00e1n hablando de esto<\/a><\/p>\n\n\n\n<p>La escena refleja el&nbsp;matiz carism\u00e1tico de&nbsp;la figura p\u00fablica de Rebelo de Sousa, que ha llegado a la presidencia nacional tras una trayectoria profesional tan variada como extensa, en la que ha ejercido de&nbsp;<strong>abogado,&nbsp;profesor universitario, periodista o analista pol\u00edtico<\/strong>&nbsp;en varios medios de comunicaci\u00f3n durante varias d\u00e9cadas.<\/p>\n\n\n\n<p>El \u00abprofesor\u00bb, como se le apodaba popularmente durante los a\u00f1os en que ejerci\u00f3 de comentarista pol\u00edtico,&nbsp;fue&nbsp;<strong>ponente en la Constituci\u00f3n<\/strong>&nbsp;de 1976 y cofundador, junto a Francisco S\u00e1 Carneiro, del&nbsp;<strong>Partido Social Dem\u00f3crata<\/strong>&nbsp;(PSD), que presidi\u00f3 entre 1996 y 1999.<\/p>\n\n\n\n<p>Sin embargo, el gran hito de su carrera pol\u00edtica es precisamente el m\u00e1s reciente: haber accedido a la jefatura del Estado en 2016 sin ser candidato oficial de ning\u00fan partido \u2013si bien cont\u00f3 con el apoyo\u00a0del\u00a0PSD y del Partido Popular (PP)\u2013, y con el impulso de<strong>\u00a0una modesta campa\u00f1a\u00a0<\/strong>financiada casi enteramente\u00a0de su bolsillo.<\/p>\n\n\n\n<p>Fuente: RT. <\/p>\n","protected":false},"excerpt":{"rendered":"<p>Como un ciudadano m\u00e1s en plena pandemia, con&nbsp;mascarilla, guardando la&nbsp;distancia de seguridad&nbsp;y esperando su turno pacientemente en la fila de un supermercado junto a su cesta de la compra: as\u00ed aparece el presidente de la rep\u00fablica de Portugal,&nbsp;Marcelo Rebelo de Sousa, en una imagen difundida en Twitter que no ha tardado en viralizarse. \u00abCosas que [&hellip;]<\/p>\n","protected":false},"author":44079,"featured_media":70424,"comment_status":"open","ping_status":"open","sticky":false,"template":"","format":"standard","meta":{"footnotes":""},"categories":[40,43],"tags":[],"class_list":["post-70423","post","type-post","status-publish","format-standard","has-post-thumbnail","hentry","category-internacionales","category-politica"],"_links":{"self":[{"href":"https:\/\/2horizontes.com\/index.php?rest_route=\/wp\/v2\/posts\/70423","targetHints":{"allow":["GET"]}}],"collection":[{"href":"https:\/\/2horizontes.com\/index.php?rest_route=\/wp\/v2\/posts"}],"about":[{"href":"https:\/\/2horizontes.com\/index.php?rest_route=\/wp\/v2\/types\/post"}],"author":[{"embeddable":true,"href":"https:\/\/2horizontes.com\/index.php?rest_route=\/wp\/v2\/users\/44079"}],"replies":[{"embeddable":true,"href":"https:\/\/2horizontes.com\/index.php?rest_route=%2Fwp%2Fv2%2Fcomments&post=70423"}],"version-history":[{"count":1,"href":"https:\/\/2horizontes.com\/index.php?rest_route=\/wp\/v2\/posts\/70423\/revisions"}],"predecessor-version":[{"id":70425,"href":"https:\/\/2horizontes.com\/index.php?rest_route=\/wp\/v2\/posts\/70423\/revisions\/70425"}],"wp:featuredmedia":[{"embeddable":true,"href":"https:\/\/2horizontes.com\/index.php?rest_route=\/wp\/v2\/media\/70424"}],"wp:attachment":[{"href":"https:\/\/2horizontes.com\/index.php?rest_route=%2Fwp%2Fv2%2Fmedia&parent=70423"}],"wp:term":[{"taxonomy":"category","embeddable":true,"href":"https:\/\/2horizontes.com\/index.php?rest_route=%2Fwp%2Fv2%2Fcategories&post=70423"},{"taxonomy":"post_tag","embeddable":true,"href":"https:\/\/2horizontes.com\/index.php?rest_route=%2Fwp%2Fv2%2Ftags&post=70423"}],"curies":[{"name":"wp","href":"https:\/\/api.w.org\/{rel}","templated":true}]}}