{"id":70364,"date":"2020-05-17T17:39:04","date_gmt":"2020-05-17T16:39:04","guid":{"rendered":"http:\/\/2horizontes.com\/?p=70364"},"modified":"2020-05-17T17:39:07","modified_gmt":"2020-05-17T16:39:07","slug":"es-un-momento-de-preparacion-no-de-celebracion-la-oms-advierte-de-otra-ola-mortal-de-covid-19-en-europa","status":"publish","type":"post","link":"https:\/\/2horizontes.com\/?p=70364","title":{"rendered":"\u00abEs un momento de preparaci\u00f3n, no de celebraci\u00f3n\u00bb: la OMS advierte de otra ola mortal de covid-19 en Europa"},"content":{"rendered":"\n<p>Los pa\u00edses europeos deben estar preparados&nbsp;ante una eventual segunda ola de infecciones por coronavirus,&nbsp;probablemente m\u00e1s mortal, porque la pandemia no ha terminado. As\u00ed lo ha advertido en una&nbsp;<a href=\"https:\/\/www.telegraph.co.uk\/news\/2020\/05\/16\/second-wave-coronavirus-europe-winter-uk\/\" target=\"_blank\" rel=\"noreferrer noopener\">entrevista<\/a>&nbsp;con The Telegraph el director para Europa de la Organizaci\u00f3n Mundial de la Salud (OMS), Hans Kluge, que record\u00f3 a los pa\u00edses que comienzan a aliviar las restricciones que nos encontramos en \u00abun&nbsp;momento de preparaci\u00f3n, no de celebraci\u00f3n\u00bb.<\/p>\n\n\n\n<p>Kluge enfatiz\u00f3 que, aunque el n\u00famero de casos de covid-19 en pa\u00edses como Reino Unido, Francia e Italia comienza a disminuir, eso no significa que la pandemia est\u00e9 llegando a su fin. El epicentro del brote europeo se encuentra ahora en el este, con un crecimiento del n\u00famero de casos en Rusia, Ucrania, Bielorrusia y Kazajist\u00e1n, advirti\u00f3.<\/p>\n\n\n\n<p>Los pa\u00edses deber\u00edan\u00a0<strong>aprovechar este tiempo<\/strong>\u00a0y comenzar a fortalecer los sistemas de salud p\u00fablica, reforzando, asimismo, las capacidades en hospitales, la atenci\u00f3n primaria y las unidades de cuidados intensivos, asegur\u00f3 el representante de la OMS.<\/p>\n\n\n\n<p>\u00bfUna ola doble?<\/p>\n\n\n\n<p>Por otro lado, Kluge no descarta la posibilidad de que una segunda ola pueda&nbsp;<strong>coincidir con un brote de otras enfermedades infecciosas<\/strong>. \u00abEstoy muy preocupado por una ola doble: en oto\u00f1o podr\u00edamos tener una segunda ola de covid y otra de gripe estacional o sarampi\u00f3n\u00bb, se\u00f1ala el especialista.<\/p>\n\n\n\n<p>Kluge recuerda, adem\u00e1s, que, como ya ha ocurrido a lo largo de la&nbsp;historia, los pa\u00edses que no han sido afectados por una pandemia desde el principio pueden ser afectados en una segunda ola. \u00ab\u00bfQu\u00e9 vamos a ver en \u00c1frica y Europa del Este? Est\u00e1n detr\u00e1s de la curva, algunos pa\u00edses dicen: &#8216;No somos como Italia&#8217; y luego, dos semanas despu\u00e9s, \u00a1boom!\u00bb, dijo el director de la OMS para Europa, vaticinando que, desafortunadamente, estos pa\u00edses \u00abpueden ser golpeados por una segunda ola\u00bb, por lo que \u2014recalca\u2014 \u00abtenemos que ser muy muy cuidadosos\u00bb.<\/p>\n\n\n\n<h3 class=\"wp-block-heading\">\u00abNada ha cambiado\u00bb<\/h3>\n\n\n\n<p>Kluge tambi\u00e9n apunt\u00f3 que, ante la falta de tratamiento o de vacuna, cualquier alivio de las restricciones debe realizarse de forma \u00abgradual y cuidadosa\u00bb. \u00abLa gente piensa que el encierro ha terminado. Nada ha cambiado\u00bb, alert\u00f3, agregando que \u00abel paquete completo de control de enfermedades debe estar en su lugar\u00bb, siendo ese \u00abel mensaje clave\u00bb.<\/p>\n\n\n\n<p>Finalmente, el jefe regional de la OMS&nbsp;subray\u00f3 que la salud deber\u00eda estar ahora \u00ab<strong>en la parte superior de la agenda<\/strong>\u00bb pol\u00edtica, ya que \u00abdonde no hay salud, no hay econom\u00eda\u00bb.<\/p>\n\n\n\n<figure class=\"wp-block-image\"><img decoding=\"async\" src=\"https:\/\/i.ytimg.com\/vi\/cUp14KdENDQ\/sddefault.jpg\" alt=\"\"\/><\/figure>\n\n\n\n<p>Fuente: RT.<\/p>\n","protected":false},"excerpt":{"rendered":"<p>Los pa\u00edses europeos deben estar preparados&nbsp;ante una eventual segunda ola de infecciones por coronavirus,&nbsp;probablemente m\u00e1s mortal, porque la pandemia no ha terminado. As\u00ed lo ha advertido en una&nbsp;entrevista&nbsp;con The Telegraph el director para Europa de la Organizaci\u00f3n Mundial de la Salud (OMS), Hans Kluge, que record\u00f3 a los pa\u00edses que comienzan a aliviar las restricciones [&hellip;]<\/p>\n","protected":false},"author":44079,"featured_media":70365,"comment_status":"open","ping_status":"open","sticky":false,"template":"","format":"standard","meta":{"footnotes":""},"categories":[40,45],"tags":[],"class_list":["post-70364","post","type-post","status-publish","format-standard","has-post-thumbnail","hentry","category-internacionales","category-salud"],"_links":{"self":[{"href":"https:\/\/2horizontes.com\/index.php?rest_route=\/wp\/v2\/posts\/70364","targetHints":{"allow":["GET"]}}],"collection":[{"href":"https:\/\/2horizontes.com\/index.php?rest_route=\/wp\/v2\/posts"}],"about":[{"href":"https:\/\/2horizontes.com\/index.php?rest_route=\/wp\/v2\/types\/post"}],"author":[{"embeddable":true,"href":"https:\/\/2horizontes.com\/index.php?rest_route=\/wp\/v2\/users\/44079"}],"replies":[{"embeddable":true,"href":"https:\/\/2horizontes.com\/index.php?rest_route=%2Fwp%2Fv2%2Fcomments&post=70364"}],"version-history":[{"count":1,"href":"https:\/\/2horizontes.com\/index.php?rest_route=\/wp\/v2\/posts\/70364\/revisions"}],"predecessor-version":[{"id":70366,"href":"https:\/\/2horizontes.com\/index.php?rest_route=\/wp\/v2\/posts\/70364\/revisions\/70366"}],"wp:featuredmedia":[{"embeddable":true,"href":"https:\/\/2horizontes.com\/index.php?rest_route=\/wp\/v2\/media\/70365"}],"wp:attachment":[{"href":"https:\/\/2horizontes.com\/index.php?rest_route=%2Fwp%2Fv2%2Fmedia&parent=70364"}],"wp:term":[{"taxonomy":"category","embeddable":true,"href":"https:\/\/2horizontes.com\/index.php?rest_route=%2Fwp%2Fv2%2Fcategories&post=70364"},{"taxonomy":"post_tag","embeddable":true,"href":"https:\/\/2horizontes.com\/index.php?rest_route=%2Fwp%2Fv2%2Ftags&post=70364"}],"curies":[{"name":"wp","href":"https:\/\/api.w.org\/{rel}","templated":true}]}}