{"id":70340,"date":"2020-05-16T22:53:32","date_gmt":"2020-05-16T21:53:32","guid":{"rendered":"http:\/\/2horizontes.com\/?p=70340"},"modified":"2020-05-16T22:53:34","modified_gmt":"2020-05-16T21:53:34","slug":"los-gobiernos-de-europa-se-preparan-para-enfrentar-las-consecuencias-economicas-de-la-pandemia","status":"publish","type":"post","link":"https:\/\/2horizontes.com\/?p=70340","title":{"rendered":"Los gobiernos de Europa se preparan para enfrentar las consecuencias econ\u00f3micas de la pandemia"},"content":{"rendered":"\n<p>La Uni\u00f3n Europea comienza a dar pasos para recuperar su econom\u00eda tras el golpe sufrido por el coronavirus. La presidenta de la Comisi\u00f3n Europea, Ursula von der Leyen, indic\u00f3 que los pa\u00edses miembros podr\u00edan recibir fondos de reconstrucci\u00f3n, siempre que se usen para reformar sus sectores productivos. El plan ser\u00e1 presentado el pr\u00f3ximo 27 de mayo.<\/p>\n\n\n\n<figure class=\"wp-block-embed\"><div class=\"wp-block-embed__wrapper\">\nhttps:\/\/cdni.rt.com\/actualidad\/public_images\/2020.05\/article\/r\/1104\/90\/jpeg\/5ec028bce9ff7149cd1d117f.png\n<\/div><\/figure>\n","protected":false},"excerpt":{"rendered":"<p>La Uni\u00f3n Europea comienza a dar pasos para recuperar su econom\u00eda tras el golpe sufrido por el coronavirus. La presidenta de la Comisi\u00f3n Europea, Ursula von der Leyen, indic\u00f3 que los pa\u00edses miembros podr\u00edan recibir fondos de reconstrucci\u00f3n, siempre que se usen para reformar sus sectores productivos. El plan ser\u00e1 presentado el pr\u00f3ximo 27 de [&hellip;]<\/p>\n","protected":false},"author":44079,"featured_media":70341,"comment_status":"open","ping_status":"open","sticky":false,"template":"","format":"standard","meta":{"footnotes":""},"categories":[86,40],"tags":[],"class_list":["post-70340","post","type-post","status-publish","format-standard","has-post-thumbnail","hentry","category-europa","category-internacionales"],"_links":{"self":[{"href":"https:\/\/2horizontes.com\/index.php?rest_route=\/wp\/v2\/posts\/70340","targetHints":{"allow":["GET"]}}],"collection":[{"href":"https:\/\/2horizontes.com\/index.php?rest_route=\/wp\/v2\/posts"}],"about":[{"href":"https:\/\/2horizontes.com\/index.php?rest_route=\/wp\/v2\/types\/post"}],"author":[{"embeddable":true,"href":"https:\/\/2horizontes.com\/index.php?rest_route=\/wp\/v2\/users\/44079"}],"replies":[{"embeddable":true,"href":"https:\/\/2horizontes.com\/index.php?rest_route=%2Fwp%2Fv2%2Fcomments&post=70340"}],"version-history":[{"count":1,"href":"https:\/\/2horizontes.com\/index.php?rest_route=\/wp\/v2\/posts\/70340\/revisions"}],"predecessor-version":[{"id":70342,"href":"https:\/\/2horizontes.com\/index.php?rest_route=\/wp\/v2\/posts\/70340\/revisions\/70342"}],"wp:featuredmedia":[{"embeddable":true,"href":"https:\/\/2horizontes.com\/index.php?rest_route=\/wp\/v2\/media\/70341"}],"wp:attachment":[{"href":"https:\/\/2horizontes.com\/index.php?rest_route=%2Fwp%2Fv2%2Fmedia&parent=70340"}],"wp:term":[{"taxonomy":"category","embeddable":true,"href":"https:\/\/2horizontes.com\/index.php?rest_route=%2Fwp%2Fv2%2Fcategories&post=70340"},{"taxonomy":"post_tag","embeddable":true,"href":"https:\/\/2horizontes.com\/index.php?rest_route=%2Fwp%2Fv2%2Ftags&post=70340"}],"curies":[{"name":"wp","href":"https:\/\/api.w.org\/{rel}","templated":true}]}}