{"id":70338,"date":"2020-05-16T22:49:40","date_gmt":"2020-05-16T21:49:40","guid":{"rendered":"http:\/\/2horizontes.com\/?p=70338"},"modified":"2020-05-16T22:49:41","modified_gmt":"2020-05-16T21:49:41","slug":"en-espana-bajan-los-fallecidos-a-102-en-las-ultimas-24-horas-y-el-total-es-de-27-563","status":"publish","type":"post","link":"https:\/\/2horizontes.com\/?p=70338","title":{"rendered":"En Espa\u00f1a bajan los fallecidos a 102 en las \u00faltimas 24 horas, y el total es de 27.563"},"content":{"rendered":"\n<p>Espa\u00f1a ha registrado una disminuci\u00f3n de fallecidos por coronavirus con 102 muertes durante las \u00faltimas 24 horas, elevando el total de v\u00edctimas mortales a 27.563, seg\u00fan los datos presentados este 16 de mayo por el Ministerio de Sanidad espa\u00f1ol.<\/p>\n\n\n\n<p>Hasta este s\u00e1bado, desde el inicio de la crisis sanitaria, el pa\u00eds suma un total de 230.698 casos confirmados de covid-19 por PCR. Mientras que hasta la son 146.446 pacientes que han superado la enfermedad.<a href=\"https:\/\/twitter.com\/SaludPublicaEs\"><\/a><a href=\"https:\/\/twitter.com\/SaludPublicaEs\"><strong>Salud P\u00fablica<\/strong><strong>&#x2714;<\/strong>@SaludPublicaEs<\/a><a href=\"https:\/\/twitter.com\/SaludPublicaEs\/status\/1261601534254755842\"><\/a><\/p>\n\n\n\n<p>Datos sobre <a href=\"https:\/\/twitter.com\/hashtag\/COVID19?src=hash\">#COVID19<\/a> en Espa\u00f1a, desde el primer caso inicial, actualizados a hoy 16 de mayo:<br><br>Confirmados por PCR: 230.698<br>Fallecidos: 27.563<br>Curados: 146.446<br><br>Informaci\u00f3n por CC.AA.: <a rel=\"noreferrer noopener\" href=\"https:\/\/t.co\/7SIu6GEtth\" target=\"_blank\">https:\/\/www.mscbs.gob.es\/profesionales\/saludPublica\/ccayes\/alertasActual\/nCov-China\/documentos\/Actualizacion_107_COVID-19.pdf\u00a0\u2026<\/a><br><br>M\u00e1s info<a rel=\"noreferrer noopener\" href=\"https:\/\/t.co\/GH8nqIFQ4l\" target=\"_blank\">http:\/\/covid19.isciii.es\u00a0<\/a><a href=\"https:\/\/twitter.com\/hashtag\/EsteVirusLoParamosUnidos?src=hash\">#EsteVirusLoParamosUnidos<\/a><\/p>\n\n\n\n<figure class=\"wp-block-image\"><a href=\"https:\/\/twitter.com\/SaludPublicaEs\/status\/1261601534254755842\/photo\/1\"><img decoding=\"async\" src=\"https:\/\/pbs.twimg.com\/media\/EYIbrfcWoAMxlzb?format=jpg&amp;name=small\" alt=\"Ver imagen en Twitter\" title=\"Ver imagen en Twitter\"\/><\/a><\/figure>\n\n\n\n<p><a href=\"https:\/\/twitter.com\/intent\/like?tweet_id=1261601534254755842\">118<\/a><a href=\"https:\/\/twitter.com\/SaludPublicaEs\/status\/1261601534254755842\"><time datetime=\"2020-05-16T10:16:59+0000\">12:16 &#8211; 16 may. 2020<\/time><\/a><a href=\"https:\/\/support.twitter.com\/articles\/20175256\">Informaci\u00f3n y privacidad de Twitter Ads<\/a><a href=\"https:\/\/twitter.com\/SaludPublicaEs\/status\/1261601534254755842\">154 personas est\u00e1n hablando de esto<\/a><\/p>\n\n\n\n<p>Aunque las cifras muestran una tendencia relativamente esperanzadora,\u00a0<a rel=\"noreferrer noopener\" href=\"https:\/\/actualidad.rt.com\/actualidad\/352879-despedidas-muerte-residencias-ancianos-pandemia-espana\" target=\"_blank\">se estima<\/a>\u00a0que del total de personas fallecidas en Espa\u00f1a por coronavirus, unas 17.000 muertes se produjeron en\u00a0<strong>residencias de ancianos<\/strong>, es decir, m\u00e1s del 60 %. Esto equivale a decir que al menos seis de cada diez fallecidos en esta crisis sanitaria han sido residentes en un centro para mayores.<\/p>\n\n\n\n<p>Seg\u00fan el&nbsp;<a href=\"https:\/\/www.mscbs.gob.es\/profesionales\/saludPublica\/ccayes\/alertasActual\/nCov-China\/documentos\/Actualizacion_107_COVID-19.pdf\" target=\"_blank\" rel=\"noreferrer noopener\">informe<\/a>&nbsp;presentado este s\u00e1bado, el grupo de edad en el que se registra la mayor cantidad de defunciones es el de personas mayores de 70 a\u00f1os, concentrando m\u00e1s del 80 % de las muertes, tanto en hombres como en mujeres.<\/p>\n\n\n\n<p>Por su parte, el director regional en Europa para de la Organizaci\u00f3n Mundial de la Salud (OMS), Hans Kluge, adverti\u00f3 de una segunda oleada de la pandemia del coronavirus, del que&nbsp;<strong>se subestim\u00f3 su peligro<\/strong>&nbsp;en las residencias de ancianos.&nbsp;<\/p>\n\n\n\n<p>Esta&nbsp;semana&nbsp;tambi\u00e9n se dio a conocer&nbsp;los primeros resultados del&nbsp;<a href=\"https:\/\/actualidad.rt.com\/actualidad\/353025-prevalencia-anticuerpos-coronavirus-espana\" target=\"_blank\" rel=\"noreferrer noopener\">estudio de seroprevalencia<\/a>&nbsp;que puso en marcha el Ministerio de Sanidad de Espa\u00f1a el pasado 26 de abril:&nbsp;solo el 5 % de la poblaci\u00f3n presenta anticuerpos&nbsp;contra el nuevo coronavirus, lo que coincide con la estimaci\u00f3n que barajaba el Centro Nacional de Epidemiolog\u00eda, como detall\u00f3 su directora,&nbsp;Marina Poll\u00e1n.<a href=\"https:\/\/news.google.com\/publications\/CAAqBwgKMNS13gIwkpwc?hl=es-419&amp;gl=MX&amp;ceid=MX%3Aes-419\" target=\"_blank\" rel=\"noreferrer noopener\"><\/a><\/p>\n","protected":false},"excerpt":{"rendered":"<p>Espa\u00f1a ha registrado una disminuci\u00f3n de fallecidos por coronavirus con 102 muertes durante las \u00faltimas 24 horas, elevando el total de v\u00edctimas mortales a 27.563, seg\u00fan los datos presentados este 16 de mayo por el Ministerio de Sanidad espa\u00f1ol. Hasta este s\u00e1bado, desde el inicio de la crisis sanitaria, el pa\u00eds suma un total de [&hellip;]<\/p>\n","protected":false},"author":44079,"featured_media":69677,"comment_status":"open","ping_status":"closed","sticky":false,"template":"","format":"standard","meta":{"footnotes":""},"categories":[85],"tags":[],"class_list":["post-70338","post","type-post","status-publish","format-standard","has-post-thumbnail","hentry","category-espana"],"_links":{"self":[{"href":"https:\/\/2horizontes.com\/index.php?rest_route=\/wp\/v2\/posts\/70338","targetHints":{"allow":["GET"]}}],"collection":[{"href":"https:\/\/2horizontes.com\/index.php?rest_route=\/wp\/v2\/posts"}],"about":[{"href":"https:\/\/2horizontes.com\/index.php?rest_route=\/wp\/v2\/types\/post"}],"author":[{"embeddable":true,"href":"https:\/\/2horizontes.com\/index.php?rest_route=\/wp\/v2\/users\/44079"}],"replies":[{"embeddable":true,"href":"https:\/\/2horizontes.com\/index.php?rest_route=%2Fwp%2Fv2%2Fcomments&post=70338"}],"version-history":[{"count":1,"href":"https:\/\/2horizontes.com\/index.php?rest_route=\/wp\/v2\/posts\/70338\/revisions"}],"predecessor-version":[{"id":70339,"href":"https:\/\/2horizontes.com\/index.php?rest_route=\/wp\/v2\/posts\/70338\/revisions\/70339"}],"wp:featuredmedia":[{"embeddable":true,"href":"https:\/\/2horizontes.com\/index.php?rest_route=\/wp\/v2\/media\/69677"}],"wp:attachment":[{"href":"https:\/\/2horizontes.com\/index.php?rest_route=%2Fwp%2Fv2%2Fmedia&parent=70338"}],"wp:term":[{"taxonomy":"category","embeddable":true,"href":"https:\/\/2horizontes.com\/index.php?rest_route=%2Fwp%2Fv2%2Fcategories&post=70338"},{"taxonomy":"post_tag","embeddable":true,"href":"https:\/\/2horizontes.com\/index.php?rest_route=%2Fwp%2Fv2%2Ftags&post=70338"}],"curies":[{"name":"wp","href":"https:\/\/api.w.org\/{rel}","templated":true}]}}